{"id":48730,"date":"2019-02-28T12:31:02","date_gmt":"2019-02-28T15:31:02","guid":{"rendered":"http:\/\/vinasfm.com\/noticias\/?p=48730"},"modified":"2019-03-01T09:51:14","modified_gmt":"2019-03-01T12:51:14","slug":"falta-de-agua-se-realizara-una-asamblea-para-elegir-las-nuevas-autoridades-de-la-union-vecinal-el-toscano","status":"publish","type":"post","link":"https:\/\/vinasfm.com\/noticias\/falta-de-agua-se-realizara-una-asamblea-para-elegir-las-nuevas-autoridades-de-la-union-vecinal-el-toscano\/","title":{"rendered":"FALTA DE AGUA: ASAMBLEA PARA ELEGIR LAS NUEVAS AUTORIDADES DE LA UNI\u00d3N VECINAL \u00abEL TOSCANO\u00bb"},"content":{"rendered":"<h4><strong>A partir de las 18:00h se realizar\u00e1 una Asamblea con el fin de elegir nuevas autoridades para la Uni\u00f3n Vecinal El Toscano. La convocatoria se ha realizado para con todos los socios a asistir en las instalaciones de la Escuela Sebasti\u00e1n Samper. <\/strong><\/h4>\n<p><strong>Pablo Rotondi<\/strong> coment\u00f3 en <strong>F.M. Vi\u00f1as<\/strong> \u201c<em>Es importante que concurran los socios para realizar el cambio de autoridades en pos de gestionar mejoras en el servicio de agua de la zona de El Toscano, Los Compartos y zonas aleda\u00f1as. De la conducci\u00f3n actual no hemos recibido respuestas positivas y creemos muchos de los socios de renovar la conducci\u00f3n\u201d.<\/em><\/p>\n<p>Respecto al estado del agua distribuida, como respuesta moment\u00e1nea de parte de la Comuna y entes reguladores, <strong>Adrian Molina<\/strong>, reflej\u00f3 \u201c<em>Pocos son los vecinos que tienen nada de agua. Con los parches que realiz\u00f3 Aysam por lo menos hay agua en las ca\u00f1er\u00edas de abajo pero con ese \u00ednfimo nivel se est\u00e1 medianamente solucionando pero no alcanza para llenar los tanques\u201d. <\/em><\/p>\n<p><em>\u201cAl norte de La California y el barrio 53 no ha llegado agua. Se est\u00e1 solucionando con la entrega de agua mediante camiones pero no soluciona definitivamente nada. Desde la comisi\u00f3n actual no hay una reacci\u00f3n a trabajar en poner en funcionamiento el pozo de Los Compartos\u201d, <\/em>sobre las zonas puntuales que carecen de presi\u00f3n de agua.<\/p>\n<p>El pr\u00f3ximo 6 de marzo inician las clases y en la zona afectada se sit\u00faan dos instituciones como las escuelas<strong> Sebasti\u00e1n Samper<\/strong> y <strong>Joaqu\u00edn V. Gonzalez<\/strong>. <em>\u201cLas dos escuelas principales de la zona est\u00e1n afectadas por el tema. Est\u00e1n en condiciones de iniciar las clases porque se limpiaron y desinfectaron las piletas por parte del municipio y llevan agua potable con los camiones pero se ver\u00e1 el faltante en el consumo habitual de los establecimientos\u201d <\/em>agreg\u00f3 <strong>Molina<\/strong> sobre la mitigaci\u00f3n de la problem\u00e1tica provisoriamente.<\/p>\n<p><strong>Roberto Regaldo<\/strong>, presidente de una de las listas que ir\u00e1n por la conducci\u00f3n esta tarde, se refiri\u00f3 al tema \u201c<em>El EPAS no ha recorrido las zonas de la manera que lo deber\u00eda haber hecho y tendr\u00eda que controlar el agua. No hay planificaci\u00f3n de las ca\u00f1er\u00edas de la calle E tampoco, no figuran en planificaciones del Municipio y la soluci\u00f3n r\u00e1pida fue conectarla con Aysam\u201d.<\/em><\/p>\n<p><em>\u201cM\u00e1s all\u00e1 de qui\u00e9n se presente, lo importante es el agua. No es por pol\u00edtica, al contrario. Es bueno que todos participemos para buscar una soluci\u00f3n a esta problem\u00e1tica que nos invade\u201d <\/em>concluy\u00f3 <strong>Rotondi<\/strong>.<\/p>\n<p>F.B.<\/p>\n","protected":false},"excerpt":{"rendered":"<p>A partir de las 18:00h se realizar\u00e1 una Asamblea con el fin de elegir nuevas autoridades para la Uni\u00f3n Vecinal El &#8230;<\/p>\n","protected":false},"author":5,"featured_media":48731,"comment_status":"open","ping_status":"open","sticky":false,"template":"","format":"standard","meta":{"footnotes":""},"categories":[5,11],"tags":[],"class_list":["post-48730","post","type-post","status-publish","format-standard","has-post-thumbnail","hentry","category-actualidad","category-sociales"],"_links":{"self":[{"href":"https:\/\/vinasfm.com\/noticias\/wp-json\/wp\/v2\/posts\/48730","targetHints":{"allow":["GET"]}}],"collection":[{"href":"https:\/\/vinasfm.com\/noticias\/wp-json\/wp\/v2\/posts"}],"about":[{"href":"https:\/\/vinasfm.com\/noticias\/wp-json\/wp\/v2\/types\/post"}],"author":[{"embeddable":true,"href":"https:\/\/vinasfm.com\/noticias\/wp-json\/wp\/v2\/users\/5"}],"replies":[{"embeddable":true,"href":"https:\/\/vinasfm.com\/noticias\/wp-json\/wp\/v2\/comments?post=48730"}],"version-history":[{"count":1,"href":"https:\/\/vinasfm.com\/noticias\/wp-json\/wp\/v2\/posts\/48730\/revisions"}],"predecessor-version":[{"id":48761,"href":"https:\/\/vinasfm.com\/noticias\/wp-json\/wp\/v2\/posts\/48730\/revisions\/48761"}],"wp:featuredmedia":[{"embeddable":true,"href":"https:\/\/vinasfm.com\/noticias\/wp-json\/wp\/v2\/media\/48731"}],"wp:attachment":[{"href":"https:\/\/vinasfm.com\/noticias\/wp-json\/wp\/v2\/media?parent=48730"}],"wp:term":[{"taxonomy":"category","embeddable":true,"href":"https:\/\/vinasfm.com\/noticias\/wp-json\/wp\/v2\/categories?post=48730"},{"taxonomy":"post_tag","embeddable":true,"href":"https:\/\/vinasfm.com\/noticias\/wp-json\/wp\/v2\/tags?post=48730"}],"curies":[{"name":"wp","href":"https:\/\/api.w.org\/{rel}","templated":true}]}}