{"id":48723,"date":"2019-02-28T12:20:24","date_gmt":"2019-02-28T15:20:24","guid":{"rendered":"http:\/\/vinasfm.com\/noticias\/?p=48723"},"modified":"2019-02-28T12:20:24","modified_gmt":"2019-02-28T15:20:24","slug":"capacitacion-sobre-derecho-procesal-penal","status":"publish","type":"post","link":"https:\/\/vinasfm.com\/noticias\/capacitacion-sobre-derecho-procesal-penal\/","title":{"rendered":"CAPACITACI\u00d3N SOBRE DERECHO PROCESAL PENAL"},"content":{"rendered":"<h4><strong>Referentes de la Comisi\u00f3n de Abogados de General Alvear invitaron a todos los interesados a participar de unas jornadas de capacitaci\u00f3n sobre Derecho Procesal Penal, que tendr\u00e1n lugar hoy jueves 28 de febrero y ma\u00f1ana viernes 1 de marzo, de 18:00 a 21:00h, en el Teatro Antonio Lafalla.<\/strong><\/h4>\n<p><strong>La capacitaci\u00f3n estar\u00e1 a cargo del Dr. Pablo Pe\u00f1asco<\/strong>, <strong>Fiscal<\/strong>, y a continuaci\u00f3n se detallan los temas sobre los cuales disertar\u00e1: desarrollo del proceso penal, puntos centrales de la reforma del <strong>C\u00f3digo Procesal Penal<\/strong>, criterios de oportunidad y juicio abreviado, violencia contra la mujer, abuso sexual infantil y de adultos, aspectos b\u00e1sicos del juicio oral y juicio por jurados.<\/p>\n<p><strong>La abogada Silvia Valeria Schiavone<\/strong>, <strong>miembro de la Comisi\u00f3n<\/strong> explic\u00f3 c\u00f3mo pueden inscribirse los interesados: \u201c<em>deben acercarse a la sede del Colegio de Abogados, el costo es de $350 para quienes no est\u00e1n inscriptos en el Colegio de Abogados, quienes s\u00ed est\u00e1n inscriptos y tienen la matr\u00edcula al d\u00eda, el costo es de $250, incluye a estudiantes. Adem\u00e1s, estas jornadas son obligatorias para todo el Ministerio Fiscal de la Segunda Circunscripci\u00f3n Judicial que incluye a Malarg\u00fce, San Rafael y General Alvear<\/em>\u201d.<\/p>\n<p>Por su parte, <strong>el abogado David Proenza<\/strong>, quien tambi\u00e9n es <strong>miembro de la comisi\u00f3n<\/strong> expres\u00f3: \u201c<em>esta es una importante capacitaci\u00f3n dirigido a abogados, personas con relaci\u00f3n a parte jur\u00eddica en derecho penal, poder judicial, personal de fiscal\u00edas, personas interesadas porque la Provincia de Mendoza en los \u00faltimos adopt\u00f3 un nuevo C\u00f3digo Procesal Penal, que en General Alvear se ha puesto en funcionamiento hace poco m\u00e1s de un a\u00f1o<\/em>\u201d.<\/p>\n<p><a href=\"http:\/\/vinasfm.com\/noticias\/wp-content\/uploads\/2019\/02\/c36755da-1db7-4428-bec8-b2be0d33485b.jpg\"><img loading=\"lazy\" decoding=\"async\" class=\" wp-image-48728 aligncenter\" src=\"http:\/\/vinasfm.com\/noticias\/wp-content\/uploads\/2019\/02\/c36755da-1db7-4428-bec8-b2be0d33485b-210x300.jpg\" alt=\"\" width=\"421\" height=\"602\" srcset=\"https:\/\/vinasfm.com\/noticias\/wp-content\/uploads\/2019\/02\/c36755da-1db7-4428-bec8-b2be0d33485b-210x300.jpg 210w, https:\/\/vinasfm.com\/noticias\/wp-content\/uploads\/2019\/02\/c36755da-1db7-4428-bec8-b2be0d33485b-768x1097.jpg 768w, https:\/\/vinasfm.com\/noticias\/wp-content\/uploads\/2019\/02\/c36755da-1db7-4428-bec8-b2be0d33485b-717x1024.jpg 717w, https:\/\/vinasfm.com\/noticias\/wp-content\/uploads\/2019\/02\/c36755da-1db7-4428-bec8-b2be0d33485b.jpg 896w\" sizes=\"auto, (max-width: 421px) 100vw, 421px\" \/><\/a><\/p>\n<p>F.B.<\/p>\n","protected":false},"excerpt":{"rendered":"<p>Referentes de la Comisi\u00f3n de Abogados de General Alvear invitaron a todos los interesados a participar de unas jornadas de capacitaci\u00f3n &#8230;<\/p>\n","protected":false},"author":5,"featured_media":48727,"comment_status":"open","ping_status":"open","sticky":false,"template":"","format":"standard","meta":{"footnotes":""},"categories":[5,22,11],"tags":[],"class_list":["post-48723","post","type-post","status-publish","format-standard","has-post-thumbnail","hentry","category-actualidad","category-justicia","category-sociales"],"_links":{"self":[{"href":"https:\/\/vinasfm.com\/noticias\/wp-json\/wp\/v2\/posts\/48723","targetHints":{"allow":["GET"]}}],"collection":[{"href":"https:\/\/vinasfm.com\/noticias\/wp-json\/wp\/v2\/posts"}],"about":[{"href":"https:\/\/vinasfm.com\/noticias\/wp-json\/wp\/v2\/types\/post"}],"author":[{"embeddable":true,"href":"https:\/\/vinasfm.com\/noticias\/wp-json\/wp\/v2\/users\/5"}],"replies":[{"embeddable":true,"href":"https:\/\/vinasfm.com\/noticias\/wp-json\/wp\/v2\/comments?post=48723"}],"version-history":[{"count":1,"href":"https:\/\/vinasfm.com\/noticias\/wp-json\/wp\/v2\/posts\/48723\/revisions"}],"predecessor-version":[{"id":48729,"href":"https:\/\/vinasfm.com\/noticias\/wp-json\/wp\/v2\/posts\/48723\/revisions\/48729"}],"wp:featuredmedia":[{"embeddable":true,"href":"https:\/\/vinasfm.com\/noticias\/wp-json\/wp\/v2\/media\/48727"}],"wp:attachment":[{"href":"https:\/\/vinasfm.com\/noticias\/wp-json\/wp\/v2\/media?parent=48723"}],"wp:term":[{"taxonomy":"category","embeddable":true,"href":"https:\/\/vinasfm.com\/noticias\/wp-json\/wp\/v2\/categories?post=48723"},{"taxonomy":"post_tag","embeddable":true,"href":"https:\/\/vinasfm.com\/noticias\/wp-json\/wp\/v2\/tags?post=48723"}],"curies":[{"name":"wp","href":"https:\/\/api.w.org\/{rel}","templated":true}]}}