{"id":48695,"date":"2019-02-28T08:12:36","date_gmt":"2019-02-28T11:12:36","guid":{"rendered":"http:\/\/vinasfm.com\/noticias\/?p=48695"},"modified":"2019-03-02T10:24:10","modified_gmt":"2019-03-02T13:24:10","slug":"el-gobierno-llama-a-concurso-36-cargos-de-profesionales-medicos-para-el-sur-provincial","status":"publish","type":"post","link":"https:\/\/vinasfm.com\/noticias\/el-gobierno-llama-a-concurso-36-cargos-de-profesionales-medicos-para-el-sur-provincial\/","title":{"rendered":"EL GOBIERNO LLAMA A CONCURSO 36 CARGOS DE PROFESIONALES M\u00c9DICOS PARA EL SUR PROVINCIAL"},"content":{"rendered":"<h4><strong>Son vacantes m\u00e9dicas para los hospitales Schestakow, Enfermeros Argentinos y Regional de Malarg\u00fce. Con este llamado ya suman 75 cargos que Salud concurs\u00f3 en menos de 5 meses.<\/strong><\/h4>\n<p>Por <strong>Resoluci\u00f3n 479\/2019<\/strong>, <strong>el Ministerio de Salud Desarrollo Social y Deportes informa que llama a concurso de ingreso para cubrir 36 cargos de profesionales de la\u00a0Salud<\/strong>. Los interesados <strong>pueden inscribirse desde el 11 al 23 de marzo<\/strong>.<\/p>\n<p>La iniciativa tiene el fin de realizar las designaciones de personal m\u00e9dico a trav\u00e9s de concursos de ingreso, pudiendo de esa forma cubrir las vacantes correspondientes al personal comprendido en el <strong>Convenio Colectivo de los Profesionales de la Salud Ley 7759<\/strong>.<\/p>\n<p>Al respecto, <strong>la ministra de Salud, Desarrollo Social y Deportes<\/strong>,\u00a0<strong>Elisabeth Crescitelli<\/strong>, destac\u00f3: \u201c<em>Este concurso se enmarca en\u00a0una pol\u00edtica de salud que lleva adelante el Gobierno en materia de\u00a0recursos humanos. En menos de cinco meses hemos realizado tres llamados de ingreso con un total de 75 cargos. En esta tercera etapa se debe resaltar que son 36 cargos para San Rafael, General Alvear y Malarg\u00fce. Esto muestra una pol\u00edtica federal\u00a0que desarrolla el ministerio en la materia<\/em>\u201d.<\/p>\n<p>Las especialidades propuestas en esta etapa son las llamadas \u201c<em>cr\u00edticas hospitalarias<\/em>\u201d: <strong>Pediatr\u00eda, Terapia Intensiva, Neonatolog\u00eda, Cirug\u00eda, Oftalmolog\u00eda, Cardiolog\u00eda, Infectolog\u00eda, Cl\u00ednica M\u00e9dica, Anestesiolog\u00eda, Traumatolog\u00eda<\/strong> y <strong>Emergentolog\u00eda<\/strong>.<\/p>\n<h4><strong>Inscripci\u00f3n para cubrir cargos<\/strong><\/h4>\n<p>Los interesados deber\u00e1n presentar su carpeta, con curr\u00edculum vitae, que\u00a0 tendr\u00e1 car\u00e1cter de declaraci\u00f3n jurada. Deber\u00e1 presentarse de\u00a0acuerdo al formulario disponible para descargar de\u00a0<a href=\"http:\/\/www.salud.mendoza.gov.ar\/\">www.salud.mendoza.gov.ar<\/a>, en el apartado \u201cConcurso de Ingreso a Carrera M\u00e9dica\u201d. Para m\u00e1s informaci\u00f3n, los interesados pueden\u00a0comunicarse al Departamento de Concursos y Selecci\u00f3n de Personal al 0261 4290200.<\/p>\n<h4><strong>Requisitos indispensables para la inscripci\u00f3n<\/strong><\/h4>\n<ul>\n<li>Matr\u00edcula vigente en la provincia de Mendoza.<\/li>\n<li>Certificado de \u00e9tica emitido por el Departamento de Consejos\u00a0Deontol\u00f3gicos.<\/li>\n<li>Certificado que acredite el reconocimiento de la especialidad a\u00a0concursar en la provincia, emitido por el Departamento de\u00a0Consejos Deontol\u00f3gicos.<\/li>\n<li>No encontrarse inhabilitado judicial y\/o administrativamente para el\u00a0ejercicio de la profesi\u00f3n<\/li>\n<li>Expresa conformidad al proceso concursal dispuesto por la presente\u00a0resoluci\u00f3n y metodolog\u00eda de notificaci\u00f3n prevista.<\/li>\n<li>Expresa conformidad a los procedimientos comprendidos en la entrevista\u00a0personal.<\/li>\n<\/ul>\n<h4><strong>Antecedentes<\/strong><\/h4>\n<p>El llamado a concurso en el \u00e1mbito de los profesionales de la salud est\u00e1 normado en la <strong>Ley 7759<\/strong> (<strong>CCT<\/strong>). Establece la conformaci\u00f3n de un Jurado de Concursos para cada zona de la provincia y una <strong>Junta Calificadora de M\u00e9ritos<\/strong> para cada una de las carreras a las que esta ley resulta aplicable, siendo estas m\u00e9dicos, odont\u00f3logos, bioqu\u00edmicos, obstetras, dietistas\/nutricionistas, farmac\u00e9uticos, kinesi\u00f3logos, fisioterapeutas, psicopedagogos, psic\u00f3logos, fonoaudi\u00f3logos, trabajadores sociales y veterinarios.<\/p>\n<p>En este orden, <strong>el Jurado de Concursos de cada zona debe ser integrado por 5 miembros titulares y 5 suplentes<\/strong> y, a su vez, <strong>la Junta Calificadora de M\u00e9ritos<\/strong>, <strong>integrada por 10 titulares y 10 suplentes<\/strong>, con representaci\u00f3n de todas las zonas de la provincia para cada una de las carreras a las que la ley les resulta aplicable.<\/p>\n<p>Efectivamente, en 2016 se avanz\u00f3 en la convocatoria a elecciones para integrar los cuerpos mencionados y se conform\u00f3 el Jurado de Concursos de la zona Norte y la Junta Calificadora de M\u00e9ritos de la Carrera M\u00e9dica \u00fanicamente.<\/p>\n<p>En 2017 se llam\u00f3 a concurso de funciones jer\u00e1rquicas de carrera m\u00e9dica en el Hospital Notti, zona Norte, y concluy\u00f3 con la asignaci\u00f3n de funciones a principios de 2018.<\/p>\n<p>En setiembre 2018 se realiz\u00f3 un llamado a concurso para 75 cargos en tres etapas.\u00a0 En la primera fueron 14 cargos para el Valle de Uco; en la segunda, 25 para centros de salud del Sur provincial y, por \u00faltimo, este llamado de 36 cargos ser\u00e1 para los hospitales: <strong>Enfermeros Argentinos en General Alvear<\/strong>, Regional de Malarg\u00fce y Schestakow de San Rafael<\/p>\n<p>F.B.<\/p>\n","protected":false},"excerpt":{"rendered":"<p>Son vacantes m\u00e9dicas para los hospitales Schestakow, Enfermeros Argentinos y Regional de Malarg\u00fce. Con este llamado ya suman 75 cargos que &#8230;<\/p>\n","protected":false},"author":5,"featured_media":48697,"comment_status":"open","ping_status":"open","sticky":false,"template":"","format":"standard","meta":{"footnotes":""},"categories":[5,15],"tags":[],"class_list":["post-48695","post","type-post","status-publish","format-standard","has-post-thumbnail","hentry","category-actualidad","category-salud"],"_links":{"self":[{"href":"https:\/\/vinasfm.com\/noticias\/wp-json\/wp\/v2\/posts\/48695","targetHints":{"allow":["GET"]}}],"collection":[{"href":"https:\/\/vinasfm.com\/noticias\/wp-json\/wp\/v2\/posts"}],"about":[{"href":"https:\/\/vinasfm.com\/noticias\/wp-json\/wp\/v2\/types\/post"}],"author":[{"embeddable":true,"href":"https:\/\/vinasfm.com\/noticias\/wp-json\/wp\/v2\/users\/5"}],"replies":[{"embeddable":true,"href":"https:\/\/vinasfm.com\/noticias\/wp-json\/wp\/v2\/comments?post=48695"}],"version-history":[{"count":1,"href":"https:\/\/vinasfm.com\/noticias\/wp-json\/wp\/v2\/posts\/48695\/revisions"}],"predecessor-version":[{"id":48698,"href":"https:\/\/vinasfm.com\/noticias\/wp-json\/wp\/v2\/posts\/48695\/revisions\/48698"}],"wp:featuredmedia":[{"embeddable":true,"href":"https:\/\/vinasfm.com\/noticias\/wp-json\/wp\/v2\/media\/48697"}],"wp:attachment":[{"href":"https:\/\/vinasfm.com\/noticias\/wp-json\/wp\/v2\/media?parent=48695"}],"wp:term":[{"taxonomy":"category","embeddable":true,"href":"https:\/\/vinasfm.com\/noticias\/wp-json\/wp\/v2\/categories?post=48695"},{"taxonomy":"post_tag","embeddable":true,"href":"https:\/\/vinasfm.com\/noticias\/wp-json\/wp\/v2\/tags?post=48695"}],"curies":[{"name":"wp","href":"https:\/\/api.w.org\/{rel}","templated":true}]}}