{"id":48682,"date":"2019-02-27T12:09:50","date_gmt":"2019-02-27T15:09:50","guid":{"rendered":"http:\/\/vinasfm.com\/noticias\/?p=48682"},"modified":"2019-02-28T10:15:49","modified_gmt":"2019-02-28T13:15:49","slug":"nuevas-reglas-para-la-facturacion-electrica","status":"publish","type":"post","link":"https:\/\/vinasfm.com\/noticias\/nuevas-reglas-para-la-facturacion-electrica\/","title":{"rendered":"NUEVAS REGLAS PARA LA FACTURACI\u00d3N EL\u00c9CTRICA"},"content":{"rendered":"<h4><strong>A nivel Nacional se anunci\u00f3 que en la facturaci\u00f3n el\u00e9ctrica del pa\u00eds solo se discriminar\u00e1 el total del pago del servicio el\u00e9ctrico. En otro contexto, en el interior del interior la realidad es distinta ya que las Cooperativas son basales para el otorgamiento de servicios adicionales (incluidos en las facturas) que benefician a las comunidades.<\/strong><\/h4>\n<p><strong>Claudio Herrada<\/strong>, <strong>Gerente de Cecsagal<\/strong>, coment\u00f3 en conferencia de prensa: \u201c<em>Se pretende que en la factura el\u00e9ctrica est\u00e9 solamente un c\u00f3digo de barra para lo que ser\u00eda el servicio el\u00e9ctrico\u201d<\/em><\/p>\n<p>En nuestra comunidad hay servicios aceptados que brinda Cecsagal como lo es el <strong>servicio solidario de sepelios<\/strong>, autosustentado con el aporte de los alvearenses, que frente a esta medida nacional ser\u00eda erradicado de la facturaci\u00f3n. Respecto a lo anterior, <strong>Herrada<\/strong>, remarc\u00f3 \u201c<em>La Cooperativa tiene mucha presencia en nuestra comunidad con servicios que son considerado esenciales. Si no contemplamos el servicio de sepelios en la factura el pago de este servicio, nos ser\u00e1 imposible suplirlo como hasta el momento\u201d. <\/em><\/p>\n<p><em>\u201cHay cuestiones que tiene que ver con aportes voluntarios aprobados por la asamblea como Ugacoop, Fundaci\u00f3n Cecsagal y dem\u00e1s. Con ello, los alvearenses, hemos podido echar mano para lograr objetivos por falta de medios para alcanzarlos\u201d <\/em>agreg\u00f3.<\/p>\n<p>Calific\u00f3 que hay falta de sensibilidad en este tema<em>. \u201cNo hay avivadas como dijeron desde Naci\u00f3n, tenemos autorizaci\u00f3n del EPRE autoriz\u00e1ndonos para facturar incluyendo el servicio de sepelios. Nunca tuvimos objeci\u00f3n en cuanto a sepelios\u201d<\/em><\/p>\n<p><strong>Herrada<\/strong>, asegur\u00f3 que en las pr\u00f3ximas horas,<em> \u00a0\u201cviajaremos a Mendoza para hablar con gente del EPRE para ver como seguimos porque desconocen todo lo que han hecho las cooperativas en todo el pa\u00eds.<\/em> <em>Mientras m\u00e1s chicas las comunidades, m\u00e1s presencia tienen las cooperativas\u201d.<\/em><\/p>\n<p>\u201c<em>La soluci\u00f3n frente a esta amenaza que se avecina, creemos que es en facturar con un c\u00f3digo de barra distinto, los costos de cobranzas son distintos y genera la preocupaci\u00f3n de la morosidad que se pueda generar\u201d<\/em> \u00a0concluy\u00f3 el <strong>Gerente de Cecsagal<\/strong><em>.<\/em><\/p>\n<p>F.B.<\/p>\n","protected":false},"excerpt":{"rendered":"<p>A nivel Nacional se anunci\u00f3 que en la facturaci\u00f3n el\u00e9ctrica del pa\u00eds solo se discriminar\u00e1 el total del pago del servicio &#8230;<\/p>\n","protected":false},"author":5,"featured_media":6652,"comment_status":"open","ping_status":"open","sticky":false,"template":"","format":"standard","meta":{"footnotes":""},"categories":[1],"tags":[],"class_list":["post-48682","post","type-post","status-publish","format-standard","has-post-thumbnail","hentry","category-fmvinas"],"_links":{"self":[{"href":"https:\/\/vinasfm.com\/noticias\/wp-json\/wp\/v2\/posts\/48682","targetHints":{"allow":["GET"]}}],"collection":[{"href":"https:\/\/vinasfm.com\/noticias\/wp-json\/wp\/v2\/posts"}],"about":[{"href":"https:\/\/vinasfm.com\/noticias\/wp-json\/wp\/v2\/types\/post"}],"author":[{"embeddable":true,"href":"https:\/\/vinasfm.com\/noticias\/wp-json\/wp\/v2\/users\/5"}],"replies":[{"embeddable":true,"href":"https:\/\/vinasfm.com\/noticias\/wp-json\/wp\/v2\/comments?post=48682"}],"version-history":[{"count":1,"href":"https:\/\/vinasfm.com\/noticias\/wp-json\/wp\/v2\/posts\/48682\/revisions"}],"predecessor-version":[{"id":48686,"href":"https:\/\/vinasfm.com\/noticias\/wp-json\/wp\/v2\/posts\/48682\/revisions\/48686"}],"wp:featuredmedia":[{"embeddable":true,"href":"https:\/\/vinasfm.com\/noticias\/wp-json\/wp\/v2\/media\/6652"}],"wp:attachment":[{"href":"https:\/\/vinasfm.com\/noticias\/wp-json\/wp\/v2\/media?parent=48682"}],"wp:term":[{"taxonomy":"category","embeddable":true,"href":"https:\/\/vinasfm.com\/noticias\/wp-json\/wp\/v2\/categories?post=48682"},{"taxonomy":"post_tag","embeddable":true,"href":"https:\/\/vinasfm.com\/noticias\/wp-json\/wp\/v2\/tags?post=48682"}],"curies":[{"name":"wp","href":"https:\/\/api.w.org\/{rel}","templated":true}]}}