{"id":48485,"date":"2019-02-25T08:25:04","date_gmt":"2019-02-25T11:25:04","guid":{"rendered":"http:\/\/vinasfm.com\/noticias\/?p=48485"},"modified":"2019-02-25T08:30:13","modified_gmt":"2019-02-25T11:30:13","slug":"no-hay-dos-sin-tres-se-presentara-a-beneficio-en-monte-coman","status":"publish","type":"post","link":"https:\/\/vinasfm.com\/noticias\/no-hay-dos-sin-tres-se-presentara-a-beneficio-en-monte-coman\/","title":{"rendered":"\u00abNO HAY DOS SIN TRES\u00bb SE PRESENTAR\u00c1 A BENEFICIO EN MONTE COM\u00c1N"},"content":{"rendered":"<h4><strong>La pieza que protagonizan Georgina Barbarossa y Germ\u00e1n Kraus, junto a Andrea Est\u00e9vez, Gast\u00f3n Ricaud y Omar Calicchio, llegar\u00e1 este martes 26 de febrero con la obra \u00e9xito de la temporada al distrito de Monte Com\u00e1n. <\/strong><\/h4>\n<p><strong>No se cobrar\u00e1 la entrada en esta oportunidad para que m\u00e1s sanrafaelinos puedan acceder a la actividad.<\/strong><\/p>\n<p><strong><br \/>\n<\/strong>Se trata de una obra dirigida por <strong>Omar Calicchio<\/strong> en donde el humor es <em>el hilo conductor entre las peripecias de una pareja y la reflexi\u00f3n despu\u00e9s de a\u00f1os de convivencia<\/em>. La comedia ha permanecido en cartelera todo el verano y posiciona a nuestro departamento como una plaza m\u00e1s dentro de la temporada teatral, detr\u00e1s de Mar del Plata y Carlos Paz.<\/p>\n<p>Este martes se realizar\u00e1 una funci\u00f3n en el <strong>Paseo de los Pioneros<\/strong> <strong>a partir de las 21 horas<\/strong>. Una gran oportunidad para que la comunidad de Monte Com\u00e1n pueda ver artistas nacionales de manera gratuita. Para su ingreso, se pide a quien pueda la colaboraci\u00f3n con una caja de leche para los merenderos del lugar.<\/p>\n<p>Esta es la segunda vez que ese distrito tiene la oportunidad de recibir a personajes de esta talla, ya que en 2017 pas\u00f3 Mat\u00edas Ale con todo el elenco que conform\u00f3 la temporada teatral de ese a\u00f1o.<\/p>\n<p>Cabe destacar que la obra se present\u00f3 durante toda la temporada en el Teatro Roma, en dos ocasiones en el <strong>Cine Teatro Antonio Lafalla<\/strong>, de <strong>General Alvear<\/strong>; y en el Centro de Convenciones y Exposiciones Thesaurus, de Malarg\u00fce, as\u00ed como tambi\u00e9n en el centro de la provincia, llegando hasta el Teatro Selectro.<\/p>\n<p>Fuente: Diario San Rafael. \/ Edici\u00f3n: F.B.<\/p>\n","protected":false},"excerpt":{"rendered":"<p>La pieza que protagonizan Georgina Barbarossa y Germ\u00e1n Kraus, junto a Andrea Est\u00e9vez, Gast\u00f3n Ricaud y Omar Calicchio, llegar\u00e1 este martes &#8230;<\/p>\n","protected":false},"author":5,"featured_media":48490,"comment_status":"open","ping_status":"open","sticky":false,"template":"","format":"standard","meta":{"footnotes":""},"categories":[5,19,11],"tags":[],"class_list":["post-48485","post","type-post","status-publish","format-standard","has-post-thumbnail","hentry","category-actualidad","category-cultura","category-sociales"],"_links":{"self":[{"href":"https:\/\/vinasfm.com\/noticias\/wp-json\/wp\/v2\/posts\/48485","targetHints":{"allow":["GET"]}}],"collection":[{"href":"https:\/\/vinasfm.com\/noticias\/wp-json\/wp\/v2\/posts"}],"about":[{"href":"https:\/\/vinasfm.com\/noticias\/wp-json\/wp\/v2\/types\/post"}],"author":[{"embeddable":true,"href":"https:\/\/vinasfm.com\/noticias\/wp-json\/wp\/v2\/users\/5"}],"replies":[{"embeddable":true,"href":"https:\/\/vinasfm.com\/noticias\/wp-json\/wp\/v2\/comments?post=48485"}],"version-history":[{"count":1,"href":"https:\/\/vinasfm.com\/noticias\/wp-json\/wp\/v2\/posts\/48485\/revisions"}],"predecessor-version":[{"id":48487,"href":"https:\/\/vinasfm.com\/noticias\/wp-json\/wp\/v2\/posts\/48485\/revisions\/48487"}],"wp:featuredmedia":[{"embeddable":true,"href":"https:\/\/vinasfm.com\/noticias\/wp-json\/wp\/v2\/media\/48490"}],"wp:attachment":[{"href":"https:\/\/vinasfm.com\/noticias\/wp-json\/wp\/v2\/media?parent=48485"}],"wp:term":[{"taxonomy":"category","embeddable":true,"href":"https:\/\/vinasfm.com\/noticias\/wp-json\/wp\/v2\/categories?post=48485"},{"taxonomy":"post_tag","embeddable":true,"href":"https:\/\/vinasfm.com\/noticias\/wp-json\/wp\/v2\/tags?post=48485"}],"curies":[{"name":"wp","href":"https:\/\/api.w.org\/{rel}","templated":true}]}}