{"id":48411,"date":"2019-02-23T11:21:59","date_gmt":"2019-02-23T14:21:59","guid":{"rendered":"http:\/\/vinasfm.com\/noticias\/?p=48411"},"modified":"2019-02-25T09:51:38","modified_gmt":"2019-02-25T12:51:38","slug":"la-canasta-que-mide-la-pobreza-subio-558-mas-que-la-inflacion","status":"publish","type":"post","link":"https:\/\/vinasfm.com\/noticias\/la-canasta-que-mide-la-pobreza-subio-558-mas-que-la-inflacion\/","title":{"rendered":"LA CANASTA QUE MIDE LA POBREZA SUBI\u00d3 55,8%, M\u00c1S QUE LA INFLACI\u00d3N"},"content":{"rendered":"<h4><strong>La inflaci\u00f3n no s\u00f3lo fue la m\u00e1s alta en los \u00faltimos 28 a\u00f1os sino que adem\u00e1s fue todav\u00eda mayor para los sectores m\u00e1s vulnerables.<\/strong><\/h4>\n<p>En enero pasado, la <strong>Canasta B\u00e1sica de Total <\/strong>(CBT), que marca la l\u00ednea de la pobreza, <strong>aument\u00f3 3,7%, <\/strong>muy por encima del nivel general de\u00a0inflaci\u00f3n\u00a0que fue de 2,9%, y determin\u00f3 que\u00a0<strong>una familia necesit\u00f3 26.442 pesos para no ser pobre, seg\u00fan inform\u00f3 este jueves el\u00a0INDEC<\/strong>.<\/p>\n<p>De acuerdo con el informe del INDEC el avance de la CBT en los \u00faltimos 12 meses tambi\u00e9n estuvo por encima de la inflaci\u00f3n lo que deja en evidencia que el avance de los precios golpea con especial dureza a los sectores m\u00e1s vulnerables.\u00a0<strong>Mientras que la inflaci\u00f3n en el \u00faltimo a\u00f1o lleg\u00f3 al 49,3%, la m\u00e1s alta de los \u00faltimos 28 a\u00f1os<\/strong>, la CBA aument\u00f3 durante ese mismo periodo un 55,8%, 6 puntos por encima\u00a0del nivel general de inflaci\u00f3n.<\/p>\n<p>En tanto\u00a0la <strong>Canasta B\u00e1sica Alimentaria <\/strong>(CBA), que marca la l\u00ednea de la indigencia, tambi\u00e9n aument\u00f3 3,7%\u00a0seg\u00fan el INDEC. De esa forma, una pareja con dos hijos requiri\u00f3 ingresos por 10.557 pesos para no ser considerada indigente.<\/p>\n<p>A lo largo del \u00faltimo, las l\u00edneas de indigencia y de pobreza avanzaron a ritmos similares con la tendencia general de los precios. Los valores de las canastas b\u00e1sicas tuvieron su mes de mayor incremento en septiembre, justo en el mes en que el IPC lleg\u00f3 a su pico de 2018, con 6,5%. En esa ocasi\u00f3n la CBA aument\u00f3 8,7% mensual y la CBT un 8,1%.<\/p>\n<p>La canasta alimentaria y la total definen la variaci\u00f3n que tendr\u00e1n los indicadores de pobreza e indigencia en el pa\u00eds. Cuanto m\u00e1s alta sea la brecha entre el aumento de los salarios y el encarecimiento de las canastas mayor impacto tendr\u00e1 en la cantidad de pobres e indigentes.\u00a0En marzo el <strong>INDEC<\/strong> publicar\u00e1 los n\u00fameros finales de 2018, en el que se espera un fuerte incremento, producto de la ca\u00edda del poder adquisitivo del salario.<\/p>\n<p>F.B.<\/p>\n","protected":false},"excerpt":{"rendered":"<p>La inflaci\u00f3n no s\u00f3lo fue la m\u00e1s alta en los \u00faltimos 28 a\u00f1os sino que adem\u00e1s fue todav\u00eda mayor para los &#8230;<\/p>\n","protected":false},"author":5,"featured_media":48412,"comment_status":"open","ping_status":"open","sticky":false,"template":"","format":"standard","meta":{"footnotes":""},"categories":[5,16],"tags":[],"class_list":["post-48411","post","type-post","status-publish","format-standard","has-post-thumbnail","hentry","category-actualidad","category-economia"],"_links":{"self":[{"href":"https:\/\/vinasfm.com\/noticias\/wp-json\/wp\/v2\/posts\/48411","targetHints":{"allow":["GET"]}}],"collection":[{"href":"https:\/\/vinasfm.com\/noticias\/wp-json\/wp\/v2\/posts"}],"about":[{"href":"https:\/\/vinasfm.com\/noticias\/wp-json\/wp\/v2\/types\/post"}],"author":[{"embeddable":true,"href":"https:\/\/vinasfm.com\/noticias\/wp-json\/wp\/v2\/users\/5"}],"replies":[{"embeddable":true,"href":"https:\/\/vinasfm.com\/noticias\/wp-json\/wp\/v2\/comments?post=48411"}],"version-history":[{"count":1,"href":"https:\/\/vinasfm.com\/noticias\/wp-json\/wp\/v2\/posts\/48411\/revisions"}],"predecessor-version":[{"id":48414,"href":"https:\/\/vinasfm.com\/noticias\/wp-json\/wp\/v2\/posts\/48411\/revisions\/48414"}],"wp:featuredmedia":[{"embeddable":true,"href":"https:\/\/vinasfm.com\/noticias\/wp-json\/wp\/v2\/media\/48412"}],"wp:attachment":[{"href":"https:\/\/vinasfm.com\/noticias\/wp-json\/wp\/v2\/media?parent=48411"}],"wp:term":[{"taxonomy":"category","embeddable":true,"href":"https:\/\/vinasfm.com\/noticias\/wp-json\/wp\/v2\/categories?post=48411"},{"taxonomy":"post_tag","embeddable":true,"href":"https:\/\/vinasfm.com\/noticias\/wp-json\/wp\/v2\/tags?post=48411"}],"curies":[{"name":"wp","href":"https:\/\/api.w.org\/{rel}","templated":true}]}}