{"id":46911,"date":"2019-01-18T09:24:40","date_gmt":"2019-01-18T12:24:40","guid":{"rendered":"http:\/\/vinasfm.com\/noticias\/?p=46911"},"modified":"2019-01-18T09:32:08","modified_gmt":"2019-01-18T12:32:08","slug":"con-alzas-en-la-temperatura-este-fin-de-semana-sera-mas-que-agradable","status":"publish","type":"post","link":"https:\/\/vinasfm.com\/noticias\/con-alzas-en-la-temperatura-este-fin-de-semana-sera-mas-que-agradable\/","title":{"rendered":"CON ALZAS EN LA TEMPERATURA, ESTE FIN DE SEMANA SER\u00c1 M\u00c1S QUE AGRADABLE"},"content":{"rendered":"<p>Se avecina el fin de semana y en el marco de las vacaciones muchos escogen diversas actividades para disfrutar en nuestro departamento. Lo que significa un factor importante en lo perge\u00f1ado para el ocio es el tiempo.<\/p>\n<p>Tras el <em>\u201crespiro<\/em>\u201d del pasado mi\u00e9rcoles y jueves, donde se dieron jornadas con descenso de la temperatura, precipitaciones aisladas y cielo cubierto, el term\u00f3metro marcar\u00e1 m\u00e1ximas m\u00e1s que agradables.<\/p>\n<p>Seg\u00fan <strong>Defensa Civil de General Alvear<\/strong> el s\u00e1bado y domingo se oscilar\u00e1 a los <strong>35\u00b0 de m\u00e1xima<\/strong>; el <strong>lunes, 38\u00b0<\/strong>.<\/p>\n<p><strong>TENDENCIA METEOROL\u00d3GICA FIN DE SEMANA<\/strong><\/p>\n<p><strong>Viernes 18<\/strong>: Ingresa de cu\u00f1a generando buenas condiciones meteorol\u00f3gicas. <em>M\u00e1xima 29\u00baC<\/em><\/p>\n<p><strong>S\u00e1bado 19<\/strong>: Buenas condiciones meteorol\u00f3gicas. <em>M\u00e1xima 33\u00baC M\u00ednima 14\u00baC<\/em><\/p>\n<p><strong>Domingo 20<\/strong>: C\u00e1lido y con buenas condiciones meteorol\u00f3gicas Durante la noche pasa d\u00e9bil frente fr\u00edo generando inestabilidad. <em>M\u00e1xima 35\u00baC M\u00ednima 17\u00baC<\/em><\/p>\n<p><strong>Lunes 21<\/strong>: Caluroso con tormentas al final del d\u00eda. <em>M\u00e1xima 38\u00baC M\u00ednima 20\u00baC<\/em><\/p>\n<p>F.B.<\/p>\n","protected":false},"excerpt":{"rendered":"<p>Se avecina el fin de semana y en el marco de las vacaciones muchos escogen diversas actividades para disfrutar en nuestro &#8230;<\/p>\n","protected":false},"author":5,"featured_media":45433,"comment_status":"open","ping_status":"open","sticky":false,"template":"","format":"standard","meta":{"footnotes":""},"categories":[1],"tags":[],"class_list":["post-46911","post","type-post","status-publish","format-standard","has-post-thumbnail","hentry","category-fmvinas"],"_links":{"self":[{"href":"https:\/\/vinasfm.com\/noticias\/wp-json\/wp\/v2\/posts\/46911","targetHints":{"allow":["GET"]}}],"collection":[{"href":"https:\/\/vinasfm.com\/noticias\/wp-json\/wp\/v2\/posts"}],"about":[{"href":"https:\/\/vinasfm.com\/noticias\/wp-json\/wp\/v2\/types\/post"}],"author":[{"embeddable":true,"href":"https:\/\/vinasfm.com\/noticias\/wp-json\/wp\/v2\/users\/5"}],"replies":[{"embeddable":true,"href":"https:\/\/vinasfm.com\/noticias\/wp-json\/wp\/v2\/comments?post=46911"}],"version-history":[{"count":1,"href":"https:\/\/vinasfm.com\/noticias\/wp-json\/wp\/v2\/posts\/46911\/revisions"}],"predecessor-version":[{"id":46913,"href":"https:\/\/vinasfm.com\/noticias\/wp-json\/wp\/v2\/posts\/46911\/revisions\/46913"}],"wp:featuredmedia":[{"embeddable":true,"href":"https:\/\/vinasfm.com\/noticias\/wp-json\/wp\/v2\/media\/45433"}],"wp:attachment":[{"href":"https:\/\/vinasfm.com\/noticias\/wp-json\/wp\/v2\/media?parent=46911"}],"wp:term":[{"taxonomy":"category","embeddable":true,"href":"https:\/\/vinasfm.com\/noticias\/wp-json\/wp\/v2\/categories?post=46911"},{"taxonomy":"post_tag","embeddable":true,"href":"https:\/\/vinasfm.com\/noticias\/wp-json\/wp\/v2\/tags?post=46911"}],"curies":[{"name":"wp","href":"https:\/\/api.w.org\/{rel}","templated":true}]}}