{"id":46891,"date":"2019-01-18T08:54:59","date_gmt":"2019-01-18T11:54:59","guid":{"rendered":"http:\/\/vinasfm.com\/noticias\/?p=46891"},"modified":"2019-01-18T08:54:59","modified_gmt":"2019-01-18T11:54:59","slug":"los-30-comercios-de-alvear-que-participaron-del-programa-comercio-de-barrio-recibieron-sus-certificados","status":"publish","type":"post","link":"https:\/\/vinasfm.com\/noticias\/los-30-comercios-de-alvear-que-participaron-del-programa-comercio-de-barrio-recibieron-sus-certificados\/","title":{"rendered":"LOS 30 COMERCIOS DE ALVEAR QUE PARTICIPARON DEL PROGRAMA \u00abCOMERCIO DE BARRIO\u00bb RECIBIERON SUS CERTIFICADOS"},"content":{"rendered":"<p><strong>Los comercios que participaron del Programa \u201cComercio de Barrio\u201d recibieron sus certificados en la ma\u00f1ana de este jueves, este programa se realiz\u00f3 en conjunto con el IDC y para la entrega de los certificados se recorrieron los diferentes distritos donde los comercios est\u00e1n emplazados. <\/strong><\/p>\n<div id=\"attachment_46892\" style=\"width: 280px\" class=\"wp-caption alignleft\"><a href=\"http:\/\/vinasfm.com\/noticias\/wp-content\/uploads\/2019\/01\/Programa-Comercio-de-Barrio-10.jpg\"><img loading=\"lazy\" decoding=\"async\" aria-describedby=\"caption-attachment-46892\" class=\"wp-image-46892\" src=\"http:\/\/vinasfm.com\/noticias\/wp-content\/uploads\/2019\/01\/Programa-Comercio-de-Barrio-10-300x199.jpg\" alt=\"\" width=\"280\" height=\"186\" srcset=\"https:\/\/vinasfm.com\/noticias\/wp-content\/uploads\/2019\/01\/Programa-Comercio-de-Barrio-10-300x199.jpg 300w, https:\/\/vinasfm.com\/noticias\/wp-content\/uploads\/2019\/01\/Programa-Comercio-de-Barrio-10-768x509.jpg 768w, https:\/\/vinasfm.com\/noticias\/wp-content\/uploads\/2019\/01\/Programa-Comercio-de-Barrio-10-1024x678.jpg 1024w\" sizes=\"auto, (max-width: 280px) 100vw, 280px\" \/><\/a><p id=\"caption-attachment-46892\" class=\"wp-caption-text\">Las capacitaciones se brindaron a un buen n\u00famero de comerciantes.<\/p><\/div>\n<p><strong>Tuvo por objetivo fortalecerlos y ayudarlos en aquellas debilidades que se les presentan<\/strong>. El mismo se llev\u00f3 a cabo por la <strong>Oficina Municipal de Empleo<\/strong>, y los comercios a los cuales se les brind\u00f3 la importante capacitaci\u00f3n, fueron seleccionados previamente gracias a un exhaustivo trabajo de observaci\u00f3n de campo.<\/p>\n<p><strong>Este programa tuvo distintas etapas<\/strong>, por un lado <strong>se brindaron capacitaciones sobre Marketing y Desarrollo Comercial<\/strong>, luego <strong>se realizaron visitas desde la Incubadora de Empresas<\/strong> en donde <strong>se asesor\u00f3 a los comerciantes para que puedan fortalecer sus negocios<\/strong>.<\/p>\n<p><strong>Ezequiel Kapluk<\/strong>, <strong>Coordinador de la Oficina de Empleo<\/strong>, expres\u00f3: <em>\u201cLas personas que participaron del Programa pueden acceder a un cr\u00e9dito de bajo costo que se devuelve en un corto plazo pero con una tasa de inter\u00e9s muy baja, lo que es bastante beneficioso\u201d.<\/em><em><br \/>\n<\/em><br \/>\nPor su parte <strong>Marina Valdivieso<\/strong>, <strong>Responsable Zona Sur del IDC<\/strong>, brind\u00f3 m\u00e1s detalles de lo que fue este programa que estuvo apuntado al fortalecimiento de los peque\u00f1os comercios: \u201c<strong><em>Recibimos todo el apoyo de la Municipalidad de General Alvear para poder contar con profesionales que se acercaron al comercio<\/em><\/strong><em> y realizaron un diagn\u00f3stico, a partir de ah\u00ed se dieron sugerencias de asistencia t\u00e9cnica que se pueden aplicar. Luego se brindaron tres capacitaciones y quienes participaron pueden acceder a microcr\u00e9ditos<\/em>\u201d.<\/p>\n<p>Los comerciantes que participaron realizaron las mejoras necesarias en sus comercios, haciendo uso de las herramientas que se brindaron durante el programa, fue el caso de <strong>Mauricio Calvo<\/strong>, <strong>uno de los comerciantes que fue parte del Programa<\/strong>, \u201c<em>Tenemos un polirrubro en las cinco esquinas, uno de los chicos nos invit\u00f3 y empec\u00e9 a ir a las charlas donde nos sugirieron algunas t\u00e9cnicas para mejorar nuestro comercio y aumentar las ventas. <strong>A partir de la primer charla empezamos a aplicar esas ense\u00f1anzas y vimos los cambios<\/strong>\u201d.<\/em><\/p>\n<h4><strong>GALER\u00cdA<\/strong><\/h4>\n<p><a href=\"http:\/\/vinasfm.com\/noticias\/wp-content\/uploads\/2019\/01\/Certificados-Prog-Comercio-de-Barrio-20.jpg\"><img loading=\"lazy\" decoding=\"async\" class=\"alignnone size-medium wp-image-46897\" src=\"http:\/\/vinasfm.com\/noticias\/wp-content\/uploads\/2019\/01\/Certificados-Prog-Comercio-de-Barrio-20-300x199.jpg\" alt=\"\" width=\"300\" height=\"199\" srcset=\"https:\/\/vinasfm.com\/noticias\/wp-content\/uploads\/2019\/01\/Certificados-Prog-Comercio-de-Barrio-20-300x199.jpg 300w, https:\/\/vinasfm.com\/noticias\/wp-content\/uploads\/2019\/01\/Certificados-Prog-Comercio-de-Barrio-20-768x509.jpg 768w, https:\/\/vinasfm.com\/noticias\/wp-content\/uploads\/2019\/01\/Certificados-Prog-Comercio-de-Barrio-20-1024x678.jpg 1024w\" sizes=\"auto, (max-width: 300px) 100vw, 300px\" \/><\/a> <a href=\"http:\/\/vinasfm.com\/noticias\/wp-content\/uploads\/2019\/01\/Certificados-Prog-Comercio-de-Barrio-6.jpg\"><img loading=\"lazy\" decoding=\"async\" class=\"alignnone size-medium wp-image-46895\" src=\"http:\/\/vinasfm.com\/noticias\/wp-content\/uploads\/2019\/01\/Certificados-Prog-Comercio-de-Barrio-6-300x199.jpg\" alt=\"\" width=\"300\" height=\"199\" srcset=\"https:\/\/vinasfm.com\/noticias\/wp-content\/uploads\/2019\/01\/Certificados-Prog-Comercio-de-Barrio-6-300x199.jpg 300w, https:\/\/vinasfm.com\/noticias\/wp-content\/uploads\/2019\/01\/Certificados-Prog-Comercio-de-Barrio-6-768x509.jpg 768w, https:\/\/vinasfm.com\/noticias\/wp-content\/uploads\/2019\/01\/Certificados-Prog-Comercio-de-Barrio-6-1024x678.jpg 1024w\" sizes=\"auto, (max-width: 300px) 100vw, 300px\" \/><\/a> <a href=\"http:\/\/vinasfm.com\/noticias\/wp-content\/uploads\/2019\/01\/Certificados-Prog-Comercio-de-Barrio-24.jpg\"><img loading=\"lazy\" decoding=\"async\" class=\"alignnone size-medium wp-image-46898\" src=\"http:\/\/vinasfm.com\/noticias\/wp-content\/uploads\/2019\/01\/Certificados-Prog-Comercio-de-Barrio-24-300x199.jpg\" alt=\"\" width=\"300\" height=\"199\" srcset=\"https:\/\/vinasfm.com\/noticias\/wp-content\/uploads\/2019\/01\/Certificados-Prog-Comercio-de-Barrio-24-300x199.jpg 300w, https:\/\/vinasfm.com\/noticias\/wp-content\/uploads\/2019\/01\/Certificados-Prog-Comercio-de-Barrio-24-768x509.jpg 768w, https:\/\/vinasfm.com\/noticias\/wp-content\/uploads\/2019\/01\/Certificados-Prog-Comercio-de-Barrio-24-1024x678.jpg 1024w\" sizes=\"auto, (max-width: 300px) 100vw, 300px\" \/><\/a> <a href=\"http:\/\/vinasfm.com\/noticias\/wp-content\/uploads\/2019\/01\/Certificados-Prog-Comercio-de-Barrio-28.jpg\"><img loading=\"lazy\" decoding=\"async\" class=\"alignnone size-medium wp-image-46899\" src=\"http:\/\/vinasfm.com\/noticias\/wp-content\/uploads\/2019\/01\/Certificados-Prog-Comercio-de-Barrio-28-300x199.jpg\" alt=\"\" width=\"300\" height=\"199\" srcset=\"https:\/\/vinasfm.com\/noticias\/wp-content\/uploads\/2019\/01\/Certificados-Prog-Comercio-de-Barrio-28-300x199.jpg 300w, https:\/\/vinasfm.com\/noticias\/wp-content\/uploads\/2019\/01\/Certificados-Prog-Comercio-de-Barrio-28-768x509.jpg 768w, https:\/\/vinasfm.com\/noticias\/wp-content\/uploads\/2019\/01\/Certificados-Prog-Comercio-de-Barrio-28-1024x678.jpg 1024w\" sizes=\"auto, (max-width: 300px) 100vw, 300px\" \/><\/a><\/p>\n<p>F.B.<\/p>\n","protected":false},"excerpt":{"rendered":"<p>Los comercios que participaron del Programa \u201cComercio de Barrio\u201d recibieron sus certificados en la ma\u00f1ana de este jueves, este programa se &#8230;<\/p>\n","protected":false},"author":5,"featured_media":46893,"comment_status":"open","ping_status":"open","sticky":false,"template":"","format":"standard","meta":{"footnotes":""},"categories":[5,16],"tags":[],"class_list":["post-46891","post","type-post","status-publish","format-standard","has-post-thumbnail","hentry","category-actualidad","category-economia"],"_links":{"self":[{"href":"https:\/\/vinasfm.com\/noticias\/wp-json\/wp\/v2\/posts\/46891","targetHints":{"allow":["GET"]}}],"collection":[{"href":"https:\/\/vinasfm.com\/noticias\/wp-json\/wp\/v2\/posts"}],"about":[{"href":"https:\/\/vinasfm.com\/noticias\/wp-json\/wp\/v2\/types\/post"}],"author":[{"embeddable":true,"href":"https:\/\/vinasfm.com\/noticias\/wp-json\/wp\/v2\/users\/5"}],"replies":[{"embeddable":true,"href":"https:\/\/vinasfm.com\/noticias\/wp-json\/wp\/v2\/comments?post=46891"}],"version-history":[{"count":1,"href":"https:\/\/vinasfm.com\/noticias\/wp-json\/wp\/v2\/posts\/46891\/revisions"}],"predecessor-version":[{"id":46900,"href":"https:\/\/vinasfm.com\/noticias\/wp-json\/wp\/v2\/posts\/46891\/revisions\/46900"}],"wp:featuredmedia":[{"embeddable":true,"href":"https:\/\/vinasfm.com\/noticias\/wp-json\/wp\/v2\/media\/46893"}],"wp:attachment":[{"href":"https:\/\/vinasfm.com\/noticias\/wp-json\/wp\/v2\/media?parent=46891"}],"wp:term":[{"taxonomy":"category","embeddable":true,"href":"https:\/\/vinasfm.com\/noticias\/wp-json\/wp\/v2\/categories?post=46891"},{"taxonomy":"post_tag","embeddable":true,"href":"https:\/\/vinasfm.com\/noticias\/wp-json\/wp\/v2\/tags?post=46891"}],"curies":[{"name":"wp","href":"https:\/\/api.w.org\/{rel}","templated":true}]}}