{"id":45698,"date":"2018-12-19T10:22:35","date_gmt":"2018-12-19T13:22:35","guid":{"rendered":"http:\/\/vinasfm.com\/noticias\/?p=45698"},"modified":"2018-12-19T10:27:02","modified_gmt":"2018-12-19T13:27:02","slug":"el-area-de-salud-del-adulto-mayor-trabajo-arduamente-a-lo-largo-del-2018","status":"publish","type":"post","link":"https:\/\/vinasfm.com\/noticias\/el-area-de-salud-del-adulto-mayor-trabajo-arduamente-a-lo-largo-del-2018\/","title":{"rendered":"EL \u00c1REA DE SALUD DEL ADULTO MAYOR TRABAJ\u00d3 ARDUAMENTE A LO LARGO DEL 2018"},"content":{"rendered":"<p>Uno de los sectores m\u00e1s vulnerable de nuestra sociedad es en el que est\u00e1n incluidos los adultos mayores. En nuestro departamento no se except\u00faa a la norma y hay cuantiosos casos de abuelos con diferentes problem\u00e1ticas. El <strong>\u00c1rea de Salud del Adulto Mayor<\/strong>, dependiente de la <strong>Direcci\u00f3n de Desarrollo Social<\/strong>, realiza diferentes actividades para sumar a la inclusi\u00f3n de m\u00e1s adultos a una vida digna.<\/p>\n<p>Cabe mencionar que busca permitir que todas las pol\u00edticas p\u00fablicas que trascienden en el Departamento sobre ese \u00a0sector de la poblaci\u00f3n pasen por esta oficina, que funciona en la Direcci\u00f3n de Desarrollo Social, Salud y Discapacidad, en <strong>calle San Rafael 163<\/strong>.<\/p>\n<p><strong>General Alvear es el segundo Departamento con mayor cantidad de adultos mayores en la Provincia<\/strong>, luego de Capital.<\/p>\n<p>La <strong>referente del \u00c1rea<\/strong>, <strong>Lic. en Trabajo Social Mariana Yant\u00e9n<\/strong>, reflej\u00f3 \u201c<em>Desde el 2016, que se cre\u00f3 esta \u00e1rea, estamos trabajando con los adultos mayores del departamento. Canalizamos todas las demandas y\/o necesidades que se presentes en nuestros abuelos. M\u00e1s de 53 personas hemos atendido en lo que va del a\u00f1o con demandas concretas en asesoramiento sobre gestiones que susciten\u201d.<\/em><\/p>\n<p>El pr\u00f3ximo viernes se realizar\u00e1 el cierre del a\u00f1o de la mecionada \u00e1rea en el espacio de cultura, tras las reuniones peri\u00f3dicas que se realizaron durante todo el a\u00f1o entre el ente y las diferentes asociaciones de jubilados y centros de adultos.<\/p>\n<p><em>\u201cRealizamos diferentes actividades que est\u00e1n confluenciadas con log\u00edstica y personal de la Direcci\u00f3n en pos de garantizar que esta franja etaria salga de la vulnerabilidad\u201d<\/em> concluy\u00f3 <strong>Yant\u00e9n<\/strong>.<\/p>\n<p>F.B.<\/p>\n","protected":false},"excerpt":{"rendered":"<p>Uno de los sectores m\u00e1s vulnerable de nuestra sociedad es en el que est\u00e1n incluidos los adultos mayores. En nuestro departamento &#8230;<\/p>\n","protected":false},"author":5,"featured_media":12600,"comment_status":"open","ping_status":"open","sticky":false,"template":"","format":"standard","meta":{"footnotes":""},"categories":[5,15],"tags":[],"class_list":["post-45698","post","type-post","status-publish","format-standard","has-post-thumbnail","hentry","category-actualidad","category-salud"],"_links":{"self":[{"href":"https:\/\/vinasfm.com\/noticias\/wp-json\/wp\/v2\/posts\/45698","targetHints":{"allow":["GET"]}}],"collection":[{"href":"https:\/\/vinasfm.com\/noticias\/wp-json\/wp\/v2\/posts"}],"about":[{"href":"https:\/\/vinasfm.com\/noticias\/wp-json\/wp\/v2\/types\/post"}],"author":[{"embeddable":true,"href":"https:\/\/vinasfm.com\/noticias\/wp-json\/wp\/v2\/users\/5"}],"replies":[{"embeddable":true,"href":"https:\/\/vinasfm.com\/noticias\/wp-json\/wp\/v2\/comments?post=45698"}],"version-history":[{"count":1,"href":"https:\/\/vinasfm.com\/noticias\/wp-json\/wp\/v2\/posts\/45698\/revisions"}],"predecessor-version":[{"id":45701,"href":"https:\/\/vinasfm.com\/noticias\/wp-json\/wp\/v2\/posts\/45698\/revisions\/45701"}],"wp:featuredmedia":[{"embeddable":true,"href":"https:\/\/vinasfm.com\/noticias\/wp-json\/wp\/v2\/media\/12600"}],"wp:attachment":[{"href":"https:\/\/vinasfm.com\/noticias\/wp-json\/wp\/v2\/media?parent=45698"}],"wp:term":[{"taxonomy":"category","embeddable":true,"href":"https:\/\/vinasfm.com\/noticias\/wp-json\/wp\/v2\/categories?post=45698"},{"taxonomy":"post_tag","embeddable":true,"href":"https:\/\/vinasfm.com\/noticias\/wp-json\/wp\/v2\/tags?post=45698"}],"curies":[{"name":"wp","href":"https:\/\/api.w.org\/{rel}","templated":true}]}}