{"id":45683,"date":"2018-12-19T09:54:25","date_gmt":"2018-12-19T12:54:25","guid":{"rendered":"http:\/\/vinasfm.com\/noticias\/?p=45683"},"modified":"2018-12-19T09:55:24","modified_gmt":"2018-12-19T12:55:24","slug":"positivo-balance-del-programa-de-promocion-integral-de-la-salud-infantil","status":"publish","type":"post","link":"https:\/\/vinasfm.com\/noticias\/positivo-balance-del-programa-de-promocion-integral-de-la-salud-infantil\/","title":{"rendered":"POSITIVO BALANCE DEL PROGRAMA DE PROMOCI\u00d3N INTEGRAL DE LA SALUD INFANTIL"},"content":{"rendered":"<p>Entre los diferentes programas que se estuvieron realizando a los largo del a\u00f1o 2018, el <strong>Programa de Promoci\u00f3n Integral de la Salud Infantil<\/strong> ha sido m\u00e1s que positivo. La <strong>Licenciada Carina Barr\u00e9<\/strong>, a cargo de este programa, <strong>realiz\u00f3 un balance de las actividades que han formado parte del mismo<\/strong> y sum\u00f3, en prospecci\u00f3n, lo que tendr\u00e1 lugar el a\u00f1o entrante.<\/p>\n<p><em>\u201cVenimos trabajando arduamente con mucho \u00e9xito en cuanto a la salud de los ni\u00f1os desde lo terap\u00e9utico, cambio de h\u00e1bitos, aprendizajes y la vuelta a la educaci\u00f3n f\u00edsica. <strong>Los resultados son \u00f3ptimos<\/strong>, pero queremos intensificar esto promocionando m\u00e1s el pr\u00f3ximo a\u00f1o para llegar a todos los sectores de la sociedad. La <strong>obesidad infantil<\/strong> es un problema importante, <strong>Alvear tiene el<\/strong> <strong>35% de los chicos en edad primaria con obesidad<\/strong>\u201d <\/em>reflej\u00f3 Barr\u00e9.<\/p>\n<p>En cuanto a las actividades realizadas dentro de este programa, hay <strong>talleres dise\u00f1ados para soslayar la obesidad infantil<\/strong> con una <strong>etapa de nutrici\u00f3n<\/strong>, <strong>educaci\u00f3n alimentaria<\/strong> <strong>y educaci\u00f3n f\u00edsica<\/strong>. Lo destacable es que el programa de promoci\u00f3n integral de la salud infantil <strong>no se detiene durante el verano (vacaciones)<\/strong> a diferencia de la modalidad que incurr\u00eda a\u00f1os atr\u00e1s.<\/p>\n<p>\u201c<em>Es indispensable que no se corte el programa en la \u00e9poca estival, esto se trata de salud. Un tratamiento no se puede suspender porque se retrocede. <strong>Atletismo<\/strong>, <strong>nataci\u00f3n<\/strong> y <strong>educaci\u00f3n saludable<\/strong> son las actividades que realizan <strong>45 familias que en este momento formar parte del programa<\/strong>\u201d<\/em> concluy\u00f3 <strong>Carina Barr\u00e9<\/strong>.<\/p>\n<p>F.B.<\/p>\n","protected":false},"excerpt":{"rendered":"<p>Entre los diferentes programas que se estuvieron realizando a los largo del a\u00f1o 2018, el Programa de Promoci\u00f3n Integral de la &#8230;<\/p>\n","protected":false},"author":5,"featured_media":45695,"comment_status":"open","ping_status":"open","sticky":false,"template":"","format":"standard","meta":{"footnotes":""},"categories":[5,15],"tags":[],"class_list":["post-45683","post","type-post","status-publish","format-standard","has-post-thumbnail","hentry","category-actualidad","category-salud"],"_links":{"self":[{"href":"https:\/\/vinasfm.com\/noticias\/wp-json\/wp\/v2\/posts\/45683","targetHints":{"allow":["GET"]}}],"collection":[{"href":"https:\/\/vinasfm.com\/noticias\/wp-json\/wp\/v2\/posts"}],"about":[{"href":"https:\/\/vinasfm.com\/noticias\/wp-json\/wp\/v2\/types\/post"}],"author":[{"embeddable":true,"href":"https:\/\/vinasfm.com\/noticias\/wp-json\/wp\/v2\/users\/5"}],"replies":[{"embeddable":true,"href":"https:\/\/vinasfm.com\/noticias\/wp-json\/wp\/v2\/comments?post=45683"}],"version-history":[{"count":1,"href":"https:\/\/vinasfm.com\/noticias\/wp-json\/wp\/v2\/posts\/45683\/revisions"}],"predecessor-version":[{"id":45697,"href":"https:\/\/vinasfm.com\/noticias\/wp-json\/wp\/v2\/posts\/45683\/revisions\/45697"}],"wp:featuredmedia":[{"embeddable":true,"href":"https:\/\/vinasfm.com\/noticias\/wp-json\/wp\/v2\/media\/45695"}],"wp:attachment":[{"href":"https:\/\/vinasfm.com\/noticias\/wp-json\/wp\/v2\/media?parent=45683"}],"wp:term":[{"taxonomy":"category","embeddable":true,"href":"https:\/\/vinasfm.com\/noticias\/wp-json\/wp\/v2\/categories?post=45683"},{"taxonomy":"post_tag","embeddable":true,"href":"https:\/\/vinasfm.com\/noticias\/wp-json\/wp\/v2\/tags?post=45683"}],"curies":[{"name":"wp","href":"https:\/\/api.w.org\/{rel}","templated":true}]}}