{"id":44435,"date":"2018-11-21T08:39:37","date_gmt":"2018-11-21T11:39:37","guid":{"rendered":"http:\/\/vinasfm.com\/noticias\/?p=44435"},"modified":"2018-11-21T08:40:31","modified_gmt":"2018-11-21T11:40:31","slug":"el-sabado-comienzan-las-manifestaciones-en-la-ruta-por-la-ley-7-722","status":"publish","type":"post","link":"https:\/\/vinasfm.com\/noticias\/el-sabado-comienzan-las-manifestaciones-en-la-ruta-por-la-ley-7-722\/","title":{"rendered":"EL S\u00c1BADO COMIENZAN LAS MANIFESTACIONES EN LA RUTA POR LA LEY 7.722"},"content":{"rendered":"<p>En una amplia convocatoria realizada en la noche de ayer en el Concejo Deliberante, por asamblea se decidi\u00f3 que el s\u00e1bado a partir de las 9 de la ma\u00f1ana en La Olla se va a hacer una panfleteada sin corte de ruta, ante la posibilidad de que el martes 27 de noviembre, la modificaci\u00f3n de la Ley 7.722 sea tratada en el recinto.<\/p>\n<p>La movilizaci\u00f3n va a tener lugar en San Rafael para generar un impacto en el vecino departamento. Para aquella gente que no tenga en que movilizarse, se har\u00e1 una concentraci\u00f3n a la hora 9 en el monumento del Km. 0 y desde all\u00ed trasladarse. El s\u00e1bado se decidir\u00e1 c\u00f3mo sigue el plan de lucha.<\/p>\n<p>\u201cLa \u00fanica manera de demostrarle al sector pol\u00edtico de que no estamos de acuerdo, es con la gente en la calle. Ya que no escucharon el otro d\u00eda a General Alvear, entonces vamos a ver si as\u00ed nos escuchan. Los \u00fanicos responsables de que salgamos a la calle son ellos\u201d manifest\u00f3 Javier L\u00f3pez referente de la Multisectorial.<\/p>\n<p>Durante la reuni\u00f3n se vio a todos los sectores pol\u00edticos unidos bajo una misma lucha, como tambi\u00e9n al Sub Delegado y consejero por el rio Atuel, entre otros.<\/p>\n<p>\u201cNo solo estamos preocupados por la 7.722 sino tambi\u00e9n por la Ley de Sequ\u00eda que es un claro avasallamiento los derechos de riego\u201d, concluy\u00f3 L\u00f3pez.<\/p>\n<p><a href=\"http:\/\/vinasfm.com\/noticias\/wp-content\/uploads\/2018\/11\/ASAMBLEA.jpg\"><img loading=\"lazy\" decoding=\"async\" class=\"alignnone size-medium wp-image-44437\" src=\"http:\/\/vinasfm.com\/noticias\/wp-content\/uploads\/2018\/11\/ASAMBLEA-300x169.jpg\" alt=\"\" width=\"300\" height=\"169\" srcset=\"https:\/\/vinasfm.com\/noticias\/wp-content\/uploads\/2018\/11\/ASAMBLEA-300x169.jpg 300w, https:\/\/vinasfm.com\/noticias\/wp-content\/uploads\/2018\/11\/ASAMBLEA-768x432.jpg 768w, https:\/\/vinasfm.com\/noticias\/wp-content\/uploads\/2018\/11\/ASAMBLEA-1024x576.jpg 1024w, https:\/\/vinasfm.com\/noticias\/wp-content\/uploads\/2018\/11\/ASAMBLEA-750x420.jpg 750w, https:\/\/vinasfm.com\/noticias\/wp-content\/uploads\/2018\/11\/ASAMBLEA.jpg 1032w\" sizes=\"auto, (max-width: 300px) 100vw, 300px\" \/><\/a><\/p>\n<p>A.C.<\/p>\n","protected":false},"excerpt":{"rendered":"<p>En una amplia convocatoria realizada en la noche de ayer en el Concejo Deliberante, por asamblea se decidi\u00f3 que el s\u00e1bado &#8230;<\/p>\n","protected":false},"author":5,"featured_media":44439,"comment_status":"open","ping_status":"open","sticky":false,"template":"","format":"standard","meta":{"footnotes":""},"categories":[1],"tags":[],"class_list":["post-44435","post","type-post","status-publish","format-standard","has-post-thumbnail","hentry","category-fmvinas"],"_links":{"self":[{"href":"https:\/\/vinasfm.com\/noticias\/wp-json\/wp\/v2\/posts\/44435","targetHints":{"allow":["GET"]}}],"collection":[{"href":"https:\/\/vinasfm.com\/noticias\/wp-json\/wp\/v2\/posts"}],"about":[{"href":"https:\/\/vinasfm.com\/noticias\/wp-json\/wp\/v2\/types\/post"}],"author":[{"embeddable":true,"href":"https:\/\/vinasfm.com\/noticias\/wp-json\/wp\/v2\/users\/5"}],"replies":[{"embeddable":true,"href":"https:\/\/vinasfm.com\/noticias\/wp-json\/wp\/v2\/comments?post=44435"}],"version-history":[{"count":1,"href":"https:\/\/vinasfm.com\/noticias\/wp-json\/wp\/v2\/posts\/44435\/revisions"}],"predecessor-version":[{"id":44438,"href":"https:\/\/vinasfm.com\/noticias\/wp-json\/wp\/v2\/posts\/44435\/revisions\/44438"}],"wp:featuredmedia":[{"embeddable":true,"href":"https:\/\/vinasfm.com\/noticias\/wp-json\/wp\/v2\/media\/44439"}],"wp:attachment":[{"href":"https:\/\/vinasfm.com\/noticias\/wp-json\/wp\/v2\/media?parent=44435"}],"wp:term":[{"taxonomy":"category","embeddable":true,"href":"https:\/\/vinasfm.com\/noticias\/wp-json\/wp\/v2\/categories?post=44435"},{"taxonomy":"post_tag","embeddable":true,"href":"https:\/\/vinasfm.com\/noticias\/wp-json\/wp\/v2\/tags?post=44435"}],"curies":[{"name":"wp","href":"https:\/\/api.w.org\/{rel}","templated":true}]}}