{"id":44432,"date":"2018-11-21T07:44:57","date_gmt":"2018-11-21T10:44:57","guid":{"rendered":"http:\/\/vinasfm.com\/noticias\/?p=44432"},"modified":"2018-11-21T07:44:57","modified_gmt":"2018-11-21T10:44:57","slug":"portezuelo-este-viernes-se-realiza-la-audiencia-de-impacto-ambiental","status":"publish","type":"post","link":"https:\/\/vinasfm.com\/noticias\/portezuelo-este-viernes-se-realiza-la-audiencia-de-impacto-ambiental\/","title":{"rendered":"PORTEZUELO: ESTE VIERNES SE REALIZA LA AUDIENCIA DE IMPACTO AMBIENTAL"},"content":{"rendered":"<p>En el marco del D\u00eda Provincial del Agua, ayer estuvo presente en nuestra provincia el secretario de Infraestructura y Pol\u00edtica H\u00eddrica de la Naci\u00f3n, Pablo Bereciartua. El funcionario nacional particip\u00f3 de una nutrida agenda que incluy\u00f3 reuniones con el gobernador Alfredo Cornejo y dem\u00e1s funcionarios provinciales.<\/p>\n<p>Uno de los temas que abordaron fue el de Portezuelo del Viento. Al respecto, dijo que \u201ces una obra estrat\u00e9gica que tiene muchos temas a contemplar, adem\u00e1s del financiamiento. Creo que el mensaje que tenemos que compartir es que es una prioridad que ha fijado el Presidente en manera conjunta con la Naci\u00f3n. Hemos dado muchos pasos para que esta obra sea una realidad y estamos trabajando para hacer el llamado a licitaci\u00f3n antes de fin de a\u00f1o, como nos hemos comprometido, y que las empresas desde enero cuenten con la documentaci\u00f3n para preparar sus ofertas\u201d.<\/p>\n<p>A\u00f1adi\u00f3 que \u201cen concreto, entre las m\u00faltiples cosas que se est\u00e1n avanzando este viernes vamos a tener una audiencia p\u00fablica en Buenos Aires, donde se van a presentar los resultados y detalles del estudio de impacto ambiental que realizamos desde Naci\u00f3n. Lo hicimos a trav\u00e9s del COIRCO (Comit\u00e9 Interjurisdiccional del R\u00edo Colorado) y con el trabajo de dos universidades que elegimos fuera de la cuenca, para que hicieran un trabajo que pudiera ser considerado neutral. Fueron la Universidad del Litoral, especializada en temas del agua, y la Universidad Nacional de La Plata\u201d.<\/p>\n<p>Sostuvo que esta audiencia p\u00fablica se realiza como parte de los requisitos necesarios para la ejecuci\u00f3n de la obra. \u201cHay que hacer las cosas de manera objetiva, con an\u00e1lisis y siguiendo los requisitos que nos debemos imponer en el siglo XXI\u201d, opin\u00f3.<\/p>\n<p>CRISIS H\u00cdDRICA<\/p>\n<p>El funcionario destac\u00f3 la relaci\u00f3n entre la crisis h\u00eddrica de nuestra provincia y la vincul\u00f3 al cambio clim\u00e1tico existente. \u201cEs un factor estructural para nuestra econom\u00eda, ya que nuestro pa\u00eds es muy heterog\u00e9neo en t\u00e9rminos de la disponibilidad de agua. Podemos decir que un 60% de nuestro territorio nacional es \u00e1rido o semi\u00e1rido, y nuestro pa\u00eds s\u00f3lo emite el 0,69% de los gases del efecto invernadero, es decir, muy poco, aunque s\u00ed tenemos un impacto estructural en nuestra econom\u00eda en ambos extremos. Hemos tenido inundaciones muy grandes en el centro argentino y periodos de sequ\u00edas en el resto del territorio\u201d.<\/p>\n<p>Para concluir, Bereciartua a\u00f1adi\u00f3 que debemos avanzar hacia la \u201ceficiencia\u201d en el uso del agua y a la vez pensar en el sistema productivo. \u201cA nivel internacional y en el marco del G20, siendo el primer pa\u00eds de Am\u00e9rica Latina de este evento, debemos lograr que haya l\u00edneas de financiamiento, ya que pa\u00edses como el nuestro han tenido un impacto ambiental significativo sin haberlo causado\u201d.<\/p>\n<p>Fuente: Diario San Rafael.<\/p>\n<p>A.C.<\/p>\n","protected":false},"excerpt":{"rendered":"<p>En el marco del D\u00eda Provincial del Agua, ayer estuvo presente en nuestra provincia el secretario de Infraestructura y Pol\u00edtica H\u00eddrica &#8230;<\/p>\n","protected":false},"author":5,"featured_media":38418,"comment_status":"open","ping_status":"open","sticky":false,"template":"","format":"standard","meta":{"footnotes":""},"categories":[1],"tags":[],"class_list":["post-44432","post","type-post","status-publish","format-standard","has-post-thumbnail","hentry","category-fmvinas"],"_links":{"self":[{"href":"https:\/\/vinasfm.com\/noticias\/wp-json\/wp\/v2\/posts\/44432","targetHints":{"allow":["GET"]}}],"collection":[{"href":"https:\/\/vinasfm.com\/noticias\/wp-json\/wp\/v2\/posts"}],"about":[{"href":"https:\/\/vinasfm.com\/noticias\/wp-json\/wp\/v2\/types\/post"}],"author":[{"embeddable":true,"href":"https:\/\/vinasfm.com\/noticias\/wp-json\/wp\/v2\/users\/5"}],"replies":[{"embeddable":true,"href":"https:\/\/vinasfm.com\/noticias\/wp-json\/wp\/v2\/comments?post=44432"}],"version-history":[{"count":1,"href":"https:\/\/vinasfm.com\/noticias\/wp-json\/wp\/v2\/posts\/44432\/revisions"}],"predecessor-version":[{"id":44433,"href":"https:\/\/vinasfm.com\/noticias\/wp-json\/wp\/v2\/posts\/44432\/revisions\/44433"}],"wp:featuredmedia":[{"embeddable":true,"href":"https:\/\/vinasfm.com\/noticias\/wp-json\/wp\/v2\/media\/38418"}],"wp:attachment":[{"href":"https:\/\/vinasfm.com\/noticias\/wp-json\/wp\/v2\/media?parent=44432"}],"wp:term":[{"taxonomy":"category","embeddable":true,"href":"https:\/\/vinasfm.com\/noticias\/wp-json\/wp\/v2\/categories?post=44432"},{"taxonomy":"post_tag","embeddable":true,"href":"https:\/\/vinasfm.com\/noticias\/wp-json\/wp\/v2\/tags?post=44432"}],"curies":[{"name":"wp","href":"https:\/\/api.w.org\/{rel}","templated":true}]}}