{"id":44278,"date":"2018-11-19T12:07:27","date_gmt":"2018-11-19T15:07:27","guid":{"rendered":"http:\/\/vinasfm.com\/noticias\/?p=44278"},"modified":"2018-11-20T10:32:34","modified_gmt":"2018-11-20T13:32:34","slug":"la-provincia-en-tu-barrio-llega-a-general-alvear-la-semana-entrante","status":"publish","type":"post","link":"https:\/\/vinasfm.com\/noticias\/la-provincia-en-tu-barrio-llega-a-general-alvear-la-semana-entrante\/","title":{"rendered":"\u201cLA PROVINCIA EN TU BARRIO\u201d LLEGA A GENERAL ALVEAR"},"content":{"rendered":"<p><strong>El 20 de noviembre en el B\u00b0 San Carlos<\/strong> estar\u00e1 apostado el <strong>cami\u00f3n<\/strong> correspondiente al <strong>Programa \u201cLa Provincia en tu Barrio\u201d<\/strong>. \u00a0Este programa proporciona servicios sanitarios y otros en pos de un mejoramiento en la asistencia social a los ciudadanos.<\/p>\n<blockquote><p><strong>El servicio estar\u00e1 en Plaza del barrio m\u00e1s grande del departamento desde el martes 20 de noviembre hasta el viernes 23 de 9:30 a 13:30 hs. La atenci\u00f3n es por orden de llegada a la posta donde estar\u00e1n los camiones.<\/strong><\/p><\/blockquote>\n<p><strong>Juanjo Castro<\/strong>, desde el <strong>\u00c1rea Departamental de Salud<\/strong>, reflej\u00f3 \u201c<em>Habr\u00e1 cl\u00ednica m\u00e9dica, medicina de familia, servicio de odontolog\u00eda, enfermer\u00eda con Vacunatorio, agentes sanitarios invitando a los vecinos y charlas de informaci\u00f3n y prevenci\u00f3n. Invitamos a vecinos de todos los barrios aleda\u00f1os a acercarse\u201d.<\/em><\/p>\n<p>F.B.<\/p>\n","protected":false},"excerpt":{"rendered":"<p>El 20 de noviembre en el B\u00b0 San Carlos estar\u00e1 apostado el cami\u00f3n correspondiente al Programa \u201cLa Provincia en tu Barrio\u201d. &#8230;<\/p>\n","protected":false},"author":5,"featured_media":44279,"comment_status":"open","ping_status":"open","sticky":false,"template":"","format":"standard","meta":{"footnotes":""},"categories":[5,15],"tags":[],"class_list":["post-44278","post","type-post","status-publish","format-standard","has-post-thumbnail","hentry","category-actualidad","category-salud"],"_links":{"self":[{"href":"https:\/\/vinasfm.com\/noticias\/wp-json\/wp\/v2\/posts\/44278","targetHints":{"allow":["GET"]}}],"collection":[{"href":"https:\/\/vinasfm.com\/noticias\/wp-json\/wp\/v2\/posts"}],"about":[{"href":"https:\/\/vinasfm.com\/noticias\/wp-json\/wp\/v2\/types\/post"}],"author":[{"embeddable":true,"href":"https:\/\/vinasfm.com\/noticias\/wp-json\/wp\/v2\/users\/5"}],"replies":[{"embeddable":true,"href":"https:\/\/vinasfm.com\/noticias\/wp-json\/wp\/v2\/comments?post=44278"}],"version-history":[{"count":1,"href":"https:\/\/vinasfm.com\/noticias\/wp-json\/wp\/v2\/posts\/44278\/revisions"}],"predecessor-version":[{"id":44377,"href":"https:\/\/vinasfm.com\/noticias\/wp-json\/wp\/v2\/posts\/44278\/revisions\/44377"}],"wp:featuredmedia":[{"embeddable":true,"href":"https:\/\/vinasfm.com\/noticias\/wp-json\/wp\/v2\/media\/44279"}],"wp:attachment":[{"href":"https:\/\/vinasfm.com\/noticias\/wp-json\/wp\/v2\/media?parent=44278"}],"wp:term":[{"taxonomy":"category","embeddable":true,"href":"https:\/\/vinasfm.com\/noticias\/wp-json\/wp\/v2\/categories?post=44278"},{"taxonomy":"post_tag","embeddable":true,"href":"https:\/\/vinasfm.com\/noticias\/wp-json\/wp\/v2\/tags?post=44278"}],"curies":[{"name":"wp","href":"https:\/\/api.w.org\/{rel}","templated":true}]}}