{"id":43375,"date":"2018-10-31T08:45:32","date_gmt":"2018-10-31T11:45:32","guid":{"rendered":"http:\/\/vinasfm.com\/noticias\/?p=43375"},"modified":"2018-10-31T08:45:32","modified_gmt":"2018-10-31T11:45:32","slug":"las-prepagas-aumentaran-por-quinta-vez-en-el-ano","status":"publish","type":"post","link":"https:\/\/vinasfm.com\/noticias\/las-prepagas-aumentaran-por-quinta-vez-en-el-ano\/","title":{"rendered":"LAS PREPAGAS AUMENTAR\u00c1N POR QUINTA VEZ EN EL A\u00d1O"},"content":{"rendered":"<p><strong>El Gobierno autoriz\u00f3 el quinto aumento en las cuotas de las empresas de medicina prepaga en lo que va del a\u00f1o, con lo que el incremento ascender\u00e1 a un 41% en 2018.<\/strong><\/p>\n<p><a href=\"https:\/\/www.boletinoficial.gob.ar\/#!DetalleNorma\/194906\/20181031\">Seg\u00fan la resoluci\u00f3n 262\/2018 publicada este mi\u00e9rcoles en el Bolet\u00edn Oficial<\/a>, la suba ser\u00e1 de un 8,5% a partir del 1\u00b0 de diciembre.<\/p>\n<p>Para hacer efectivo el aumento, las prepagas deber\u00e1n avisarle con antelaci\u00f3n a los usuarios para que cuenten con la informaci\u00f3n del incremento.<\/p>\n<p>El \u00faltimo ajuste que autoriz\u00f3 el ministerio de Salud es el que rige desde el 1\u00b0 de octubre, cuando la Superintendencia de Seguros de Salud permiti\u00f3 una suba del 8%.<\/p>\n<p>El de octubre fue el cuarto aumento en las prepagas en el a\u00f1o. Previamente hab\u00edan subido un 4% en febrero, un 7,5% en junio, otro 7,5% en agosto.<\/p>\n<p>La\u00a0<strong><a href=\"https:\/\/www.boletinoficial.gob.ar\/#!DetalleNorma\/194906\/20181031\">resoluci\u00f3n 262\/2018<\/a><\/strong>\u00a0del Ministerio de Salud establece:<\/p>\n<p><strong>ART\u00cdCULO 1\u00b0.-<\/strong> Autorizase a todas las Entidades de Medicina Prepaga inscriptas en el Registro Nacional de Entidades de Medicina Prepaga (R.N.E.M.P.) a incrementar el valor autorizado por la Resoluci\u00f3n N\u00ba RESOL-2018-1780-APN-MS, en hasta un OCHO COMA CINCO POR CIENTO (8,5%) a partir del 1\u00ba de Diciembre de 2018.<\/p>\n<p><strong>ART\u00cdCULO 2\u00b0.-<\/strong> El aumento autorizado en el art\u00edculo precedente podr\u00e1 percibirse, una vez cumplida la notificaci\u00f3n prevista en el art\u00edculo 5\u00b0, inciso g) del Decreto N\u00ba 1993\/2011. Las Entidades de Medicina Prepaga deber\u00e1n extremar los recaudos necesarios para notificar de manera fehaciente a los usuarios, a fin de que aquellos tengan cabal informaci\u00f3n de dichos aumentos.<\/p>\n<p>F.B.<\/p>\n<p>&nbsp;<\/p>\n","protected":false},"excerpt":{"rendered":"<p>El Gobierno autoriz\u00f3 el quinto aumento en las cuotas de las empresas de medicina prepaga en lo que va del a\u00f1o, &#8230;<\/p>\n","protected":false},"author":5,"featured_media":43378,"comment_status":"open","ping_status":"open","sticky":false,"template":"","format":"standard","meta":{"footnotes":""},"categories":[5,15],"tags":[],"class_list":["post-43375","post","type-post","status-publish","format-standard","has-post-thumbnail","hentry","category-actualidad","category-salud"],"_links":{"self":[{"href":"https:\/\/vinasfm.com\/noticias\/wp-json\/wp\/v2\/posts\/43375","targetHints":{"allow":["GET"]}}],"collection":[{"href":"https:\/\/vinasfm.com\/noticias\/wp-json\/wp\/v2\/posts"}],"about":[{"href":"https:\/\/vinasfm.com\/noticias\/wp-json\/wp\/v2\/types\/post"}],"author":[{"embeddable":true,"href":"https:\/\/vinasfm.com\/noticias\/wp-json\/wp\/v2\/users\/5"}],"replies":[{"embeddable":true,"href":"https:\/\/vinasfm.com\/noticias\/wp-json\/wp\/v2\/comments?post=43375"}],"version-history":[{"count":1,"href":"https:\/\/vinasfm.com\/noticias\/wp-json\/wp\/v2\/posts\/43375\/revisions"}],"predecessor-version":[{"id":43379,"href":"https:\/\/vinasfm.com\/noticias\/wp-json\/wp\/v2\/posts\/43375\/revisions\/43379"}],"wp:featuredmedia":[{"embeddable":true,"href":"https:\/\/vinasfm.com\/noticias\/wp-json\/wp\/v2\/media\/43378"}],"wp:attachment":[{"href":"https:\/\/vinasfm.com\/noticias\/wp-json\/wp\/v2\/media?parent=43375"}],"wp:term":[{"taxonomy":"category","embeddable":true,"href":"https:\/\/vinasfm.com\/noticias\/wp-json\/wp\/v2\/categories?post=43375"},{"taxonomy":"post_tag","embeddable":true,"href":"https:\/\/vinasfm.com\/noticias\/wp-json\/wp\/v2\/tags?post=43375"}],"curies":[{"name":"wp","href":"https:\/\/api.w.org\/{rel}","templated":true}]}}