{"id":40921,"date":"2018-09-13T09:55:28","date_gmt":"2018-09-13T12:55:28","guid":{"rendered":"http:\/\/vinasfm.com\/noticias\/?p=40921"},"modified":"2018-09-14T10:31:54","modified_gmt":"2018-09-14T13:31:54","slug":"a-cara-cubierta-robaron-en-avenida-oeste-y-ove-bock","status":"publish","type":"post","link":"https:\/\/vinasfm.com\/noticias\/a-cara-cubierta-robaron-en-avenida-oeste-y-ove-bock\/","title":{"rendered":"A CARA CUBIERTA ROBARON EN AVENIDA ALVEAR OESTE Y OVE BOCK"},"content":{"rendered":"<p>Una vecina due\u00f1a de un comercio calle Ove Bock y Avenida Alvear Oeste, fue sorprendida por un sujeto con el rostro cubierto que le robo $8.000.<\/p>\n<p>El hecho ocurri\u00f3 cerca de las 22:30 hs, cuando la comerciante se encontraba atendiendo en el local comercial, termin\u00f3 de atender a un cliente y se retir\u00f3 por unos instantes hacia el interior del local.<\/p>\n<p>En un momento comenz\u00f3 a escuchar el ruido de la caja registradora, y al acercarse hasta all\u00ed comprob\u00f3 que un malviviente luego de robarle, hu\u00eda por Calle Ove Bock.<\/p>\n<p>Seg\u00fan indicaron fuentes policiales, el sujeto vest\u00eda ropas oscuras, de cabello negro, con un gorro en su cabeza y un pa\u00f1uelo tapando su rostro.<\/p>\n<p>Se labraron actuaciones en Comisar\u00eda 14\u00b0.<\/p>\n<p>A.C.<\/p>\n","protected":false},"excerpt":{"rendered":"<p>Una vecina due\u00f1a de un comercio calle Ove Bock y Avenida Alvear Oeste, fue sorprendida por un sujeto con el rostro &#8230;<\/p>\n","protected":false},"author":5,"featured_media":21228,"comment_status":"open","ping_status":"open","sticky":false,"template":"","format":"standard","meta":{"footnotes":""},"categories":[1],"tags":[],"class_list":["post-40921","post","type-post","status-publish","format-standard","has-post-thumbnail","hentry","category-fmvinas"],"_links":{"self":[{"href":"https:\/\/vinasfm.com\/noticias\/wp-json\/wp\/v2\/posts\/40921","targetHints":{"allow":["GET"]}}],"collection":[{"href":"https:\/\/vinasfm.com\/noticias\/wp-json\/wp\/v2\/posts"}],"about":[{"href":"https:\/\/vinasfm.com\/noticias\/wp-json\/wp\/v2\/types\/post"}],"author":[{"embeddable":true,"href":"https:\/\/vinasfm.com\/noticias\/wp-json\/wp\/v2\/users\/5"}],"replies":[{"embeddable":true,"href":"https:\/\/vinasfm.com\/noticias\/wp-json\/wp\/v2\/comments?post=40921"}],"version-history":[{"count":1,"href":"https:\/\/vinasfm.com\/noticias\/wp-json\/wp\/v2\/posts\/40921\/revisions"}],"predecessor-version":[{"id":41000,"href":"https:\/\/vinasfm.com\/noticias\/wp-json\/wp\/v2\/posts\/40921\/revisions\/41000"}],"wp:featuredmedia":[{"embeddable":true,"href":"https:\/\/vinasfm.com\/noticias\/wp-json\/wp\/v2\/media\/21228"}],"wp:attachment":[{"href":"https:\/\/vinasfm.com\/noticias\/wp-json\/wp\/v2\/media?parent=40921"}],"wp:term":[{"taxonomy":"category","embeddable":true,"href":"https:\/\/vinasfm.com\/noticias\/wp-json\/wp\/v2\/categories?post=40921"},{"taxonomy":"post_tag","embeddable":true,"href":"https:\/\/vinasfm.com\/noticias\/wp-json\/wp\/v2\/tags?post=40921"}],"curies":[{"name":"wp","href":"https:\/\/api.w.org\/{rel}","templated":true}]}}