{"id":39744,"date":"2018-08-24T08:54:40","date_gmt":"2018-08-24T11:54:40","guid":{"rendered":"http:\/\/vinasfm.com\/noticias\/?p=39744"},"modified":"2018-08-24T10:29:14","modified_gmt":"2018-08-24T13:29:14","slug":"el-plan-de-marcolini-entre-obras-aumentos-y-recortes","status":"publish","type":"post","link":"https:\/\/vinasfm.com\/noticias\/el-plan-de-marcolini-entre-obras-aumentos-y-recortes\/","title":{"rendered":"EL PLAN DE MARCOLINI ENTRE OBRAS, AUMENTOS Y RECORTES"},"content":{"rendered":"<p>La semana pasada se conoci\u00f3 la noticia de la quita del \u201cfondo sojero\u201d por parte del gobierno nacional, a todos los municipios del pa\u00eds. Para las arcas municipales, este recorte implica la perdida de $5,5 millones hasta fin de a\u00f1o.<\/p>\n<p>A pesar de esto, el Intendente Walther Marcolini confirmo el aumento de sueldo para los empleados municipales, como tambi\u00e9n la continuidad del plan de obra p\u00fablica.<\/p>\n<p>Marcolini argumento que esto es posible debido al ordenamiento fiscal del municipio, \u201cque no solo ha permitido hacer frente a la actual situaci\u00f3n y continuar con un intenso plan de obra p\u00fablica, sino que tambi\u00e9n, ha facilitado la implementaci\u00f3n de ciertas medidas que benefician directamente al empleado municipal\u201d.<\/p>\n<p>El \u00faltimo aumento pautado para este a\u00f1o se incrementa en porcentaje y pasa de 4,9% a 6%. Este comenzar\u00e1 a percibirse a partir del primero de septiembre.<\/p>\n<p>Adem\u00e1s se adjunta la ayuda econ\u00f3mica bonificable, pero no remunerativa, que ya vienen cobrando los trabajadores, de $400 aumenta a $500 y luego a $800, lo que significa un incremento del 27% para fin de a\u00f1o a las clases iniciales. Y un bono de fin de a\u00f1o de $3.000 para el personal.<\/p>\n<p>\u00abEstamos realizando un esfuerzo fiscal muy significativo que busca defender el salario y la obra p\u00fablica, desde una concepci\u00f3n que tenemos de la pol\u00edtica econ\u00f3mica\u00bb, afirm\u00f3 Marcolini al finalizar la conferencia de prensa.<\/p>\n<p>\u2026.PERO EN ALG\u00daN LADO HAY QUE RECORTAR<\/p>\n<p>El intendente indic\u00f3 que ante la situaci\u00f3n actual se ha dispuesto no realizar el festejo del 21 de septiembre por el d\u00eda del estudiante.<\/p>\n<p>Como tambi\u00e9n un fuerte recorte en gastos operativos, una disminuci\u00f3n del 20% en tel\u00e9fonos, del 40% en electricidad producto de un convenio con la UNC en eficiencia energ\u00e9tica. Reducci\u00f3n y coordinaci\u00f3n en materia de viajes y traslados, entre los principales.<\/p>\n<p>\u201cEn gastos operativos se va a hacer un esfuerzo para poder corregir y que no nos afecte esta situaci\u00f3n en el normal desarrollo de las obras y actividades que llegan al vecino, adem\u00e1s de un mayor control en todas las \u00e1reas\u201d sostuvo el jefe comunal.<\/p>\n<p style=\"text-align: left;\">A.C.<\/p>\n","protected":false},"excerpt":{"rendered":"<p>La semana pasada se conoci\u00f3 la noticia de la quita del \u201cfondo sojero\u201d por parte del gobierno nacional, a todos los &#8230;<\/p>\n","protected":false},"author":5,"featured_media":39776,"comment_status":"open","ping_status":"open","sticky":false,"template":"","format":"standard","meta":{"footnotes":""},"categories":[1],"tags":[],"class_list":["post-39744","post","type-post","status-publish","format-standard","has-post-thumbnail","hentry","category-fmvinas"],"_links":{"self":[{"href":"https:\/\/vinasfm.com\/noticias\/wp-json\/wp\/v2\/posts\/39744","targetHints":{"allow":["GET"]}}],"collection":[{"href":"https:\/\/vinasfm.com\/noticias\/wp-json\/wp\/v2\/posts"}],"about":[{"href":"https:\/\/vinasfm.com\/noticias\/wp-json\/wp\/v2\/types\/post"}],"author":[{"embeddable":true,"href":"https:\/\/vinasfm.com\/noticias\/wp-json\/wp\/v2\/users\/5"}],"replies":[{"embeddable":true,"href":"https:\/\/vinasfm.com\/noticias\/wp-json\/wp\/v2\/comments?post=39744"}],"version-history":[{"count":2,"href":"https:\/\/vinasfm.com\/noticias\/wp-json\/wp\/v2\/posts\/39744\/revisions"}],"predecessor-version":[{"id":39749,"href":"https:\/\/vinasfm.com\/noticias\/wp-json\/wp\/v2\/posts\/39744\/revisions\/39749"}],"wp:featuredmedia":[{"embeddable":true,"href":"https:\/\/vinasfm.com\/noticias\/wp-json\/wp\/v2\/media\/39776"}],"wp:attachment":[{"href":"https:\/\/vinasfm.com\/noticias\/wp-json\/wp\/v2\/media?parent=39744"}],"wp:term":[{"taxonomy":"category","embeddable":true,"href":"https:\/\/vinasfm.com\/noticias\/wp-json\/wp\/v2\/categories?post=39744"},{"taxonomy":"post_tag","embeddable":true,"href":"https:\/\/vinasfm.com\/noticias\/wp-json\/wp\/v2\/tags?post=39744"}],"curies":[{"name":"wp","href":"https:\/\/api.w.org\/{rel}","templated":true}]}}