{"id":38625,"date":"2018-08-02T10:07:44","date_gmt":"2018-08-02T13:07:44","guid":{"rendered":"http:\/\/vinasfm.com\/noticias\/?p=38625"},"modified":"2018-08-02T10:07:44","modified_gmt":"2018-08-02T13:07:44","slug":"comenzo-la-semana-mundial-de-la-lactancia-materna-2018","status":"publish","type":"post","link":"https:\/\/vinasfm.com\/noticias\/comenzo-la-semana-mundial-de-la-lactancia-materna-2018\/","title":{"rendered":"COMENZ\u00d3 LA SEMANA MUNDIAL DE LA LACTANCIA MATERNA 2018"},"content":{"rendered":"<p>Ayer 1 de Agosto, comenz\u00f3 la Semana Mundial de la Lactancia Materna, que se celebra en m\u00e1s de 170 pa\u00edses. El lema de este a\u00f1o es \u00bb Lactancia materna, pilar de vida\u00bb.<\/p>\n<p>Se trata del movimiento social m\u00e1s extendido en defensa de la lactancia materna, instaurado oficialmente por la Organizaci\u00f3n Mundial de la Salud (OMS) y UNICEF en 1992.<\/p>\n<p>El Hospital Enfermeros Argentinos, llev\u00f3 a cabo un t\u00e9 bingo y un agasajo a madres embarazadas y lactantes en el Centro de Jubilados de Alvear Oeste.<\/p>\n<p>La leche materna es un alimento que tiene numerosos beneficios y es el ideal para los reci\u00e9n nacidos pero pocas veces recordamos que tambi\u00e9n tiene consecuencias favorables para la salud de la madre.<\/p>\n<p><b>Beneficios para el beb\u00e9<\/b><\/p>\n<p><b>+<\/b>\u00a0Reduce la mortalidad infantil. Los bebes amamantados tienen menor riesgo de muerte en su primer a\u00f1o de vida, en comparaci\u00f3n con los que nunca recibieron leche materna.<\/p>\n<p><b>+<\/b>\u00a0Reduce el riesgo de obesidad y sobre peso en el futuro.Ya que proporciona una nutrici\u00f3n adecuada de f\u00e1cil digesti\u00f3n.<\/p>\n<p><b>+\u00a0<\/b>Estimula el cerebro.<\/p>\n<p><b>+\u00a0<\/b>Contraen menos infecciones, debido a que la leche materna refuerza el sistema inmunitario del peque\u00f1o. Reduce tambi\u00e9n infecciones respiratorias y la meningitis.<\/p>\n<p><b>+\u00a0<\/b>Fomenta el desarrollo sensorial y cognitivo.<\/p>\n<p><b>+\u00a0<\/b>Protege de enfermedades cr\u00f3nicas.<\/p>\n<p><b>Beneficios para la madre<\/b><\/p>\n<p><b>+\u00a0<\/b>Reduce el riesgo de c\u00e1ncer de mama y de ovario.<\/p>\n<p><b>+\u00a0<\/b>Ayuda a prevenir la depresi\u00f3n post &#8211; parto.<\/p>\n<p><b>+\u00a0<\/b>Disminuye el riesgo de padecer hipertensi\u00f3n y de desarrollar diabetes.<\/p>\n<p><b>+\u00a0<\/b>La hormona oxitocina, que se libera durante el amamantamiento, actu\u00e1 para regresar el \u00fatero a su tama\u00f1o normal mas r\u00e1pidamente. Reduce el sangrado post &#8211; parto.<\/p>\n<p><b>+\u00a0<\/b>Ayuda a eliminar los restos de sangre y placenta que quedan tras el parto.<\/p>\n<p><b>+\u00a0<\/b>Es una manera econ\u00f3mica e ideal de alimentar al bebe.<\/p>\n<p><b>+<\/b>\u00a0Ayuda a perder peso de forma natural. Consume aproximadamente 500 calor\u00edas al d\u00eda.<\/p>\n<p><b>+\u00a0<\/b>Funciona como anticonceptivo. La lactancia ayuda a retrasar la ovulaci\u00f3n, por lo que amamantar proporciona una forma natural de control anticonceptivo.<\/p>\n<p><b>+\u00a0<\/b>La capacidad de satisfacer f\u00edsica y emocionalmente al bebe aumenta la auto confianza de muchas madres.<\/p>\n<p>Conoc\u00e9\u00a0 el Cronograma de Actividades de la Semana Mundial de la Lactancia Materna 2018.<\/p>\n<p><img loading=\"lazy\" decoding=\"async\" class=\"alignnone size-full wp-image-38626\" src=\"http:\/\/vinasfm.com\/noticias\/wp-content\/uploads\/2018\/08\/38182006_1903254663101523_3772998357149024256_n.png\" alt=\"\" width=\"960\" height=\"947\" srcset=\"https:\/\/vinasfm.com\/noticias\/wp-content\/uploads\/2018\/08\/38182006_1903254663101523_3772998357149024256_n.png 960w, https:\/\/vinasfm.com\/noticias\/wp-content\/uploads\/2018\/08\/38182006_1903254663101523_3772998357149024256_n-300x296.png 300w, https:\/\/vinasfm.com\/noticias\/wp-content\/uploads\/2018\/08\/38182006_1903254663101523_3772998357149024256_n-768x758.png 768w\" sizes=\"auto, (max-width: 960px) 100vw, 960px\" \/><\/p>\n<p>A.E<\/p>\n<p>&nbsp;<\/p>\n","protected":false},"excerpt":{"rendered":"<p>Ayer 1 de Agosto, comenz\u00f3 la Semana Mundial de la Lactancia Materna, que se celebra en m\u00e1s de 170 pa\u00edses. El &#8230;<\/p>\n","protected":false},"author":5,"featured_media":38627,"comment_status":"open","ping_status":"open","sticky":false,"template":"","format":"standard","meta":{"footnotes":""},"categories":[5,15],"tags":[],"class_list":["post-38625","post","type-post","status-publish","format-standard","has-post-thumbnail","hentry","category-actualidad","category-salud"],"_links":{"self":[{"href":"https:\/\/vinasfm.com\/noticias\/wp-json\/wp\/v2\/posts\/38625","targetHints":{"allow":["GET"]}}],"collection":[{"href":"https:\/\/vinasfm.com\/noticias\/wp-json\/wp\/v2\/posts"}],"about":[{"href":"https:\/\/vinasfm.com\/noticias\/wp-json\/wp\/v2\/types\/post"}],"author":[{"embeddable":true,"href":"https:\/\/vinasfm.com\/noticias\/wp-json\/wp\/v2\/users\/5"}],"replies":[{"embeddable":true,"href":"https:\/\/vinasfm.com\/noticias\/wp-json\/wp\/v2\/comments?post=38625"}],"version-history":[{"count":1,"href":"https:\/\/vinasfm.com\/noticias\/wp-json\/wp\/v2\/posts\/38625\/revisions"}],"predecessor-version":[{"id":38628,"href":"https:\/\/vinasfm.com\/noticias\/wp-json\/wp\/v2\/posts\/38625\/revisions\/38628"}],"wp:featuredmedia":[{"embeddable":true,"href":"https:\/\/vinasfm.com\/noticias\/wp-json\/wp\/v2\/media\/38627"}],"wp:attachment":[{"href":"https:\/\/vinasfm.com\/noticias\/wp-json\/wp\/v2\/media?parent=38625"}],"wp:term":[{"taxonomy":"category","embeddable":true,"href":"https:\/\/vinasfm.com\/noticias\/wp-json\/wp\/v2\/categories?post=38625"},{"taxonomy":"post_tag","embeddable":true,"href":"https:\/\/vinasfm.com\/noticias\/wp-json\/wp\/v2\/tags?post=38625"}],"curies":[{"name":"wp","href":"https:\/\/api.w.org\/{rel}","templated":true}]}}