{"id":38605,"date":"2018-08-02T09:23:54","date_gmt":"2018-08-02T12:23:54","guid":{"rendered":"http:\/\/vinasfm.com\/noticias\/?p=38605"},"modified":"2018-08-02T09:23:54","modified_gmt":"2018-08-02T12:23:54","slug":"la-dge-implementara-un-programa-para-que-los-adultos-terminen-el-secundario","status":"publish","type":"post","link":"https:\/\/vinasfm.com\/noticias\/la-dge-implementara-un-programa-para-que-los-adultos-terminen-el-secundario\/","title":{"rendered":"LA DGE IMPLEMENTAR\u00c1 UN PROGRAMA PARA QUE LOS ADULTOS TERMINEN EL SECUNDARIO"},"content":{"rendered":"<p>Desde la Direcci\u00f3n General de Escuelas informaron que se implementar\u00e1 durante el ciclo lectivo 2018 el programa Terminalidad Educativa Mendoza, ex Plan Fines, destinado a j\u00f3venes y adultos que, por distintas razones, no pudieron finalizar el nivel secundario.<\/p>\n<p>La Direcci\u00f3n de Educaci\u00f3n Permanente de J\u00f3venes y Adultos ser\u00e1 la encargada de implementar este programa con el objetivo de garantizar que todos los mayores de 18 puedan obtener su t\u00edtulo secundario.<\/p>\n<p>Este programa se ejecutar\u00e1 en consonancia y sobre los ejes centrales de la pol\u00edtica educativa nacional y provincial.<\/p>\n<p>Los destinatarios deben ser provenientes de centros educativos de la modalidad de J\u00f3venes y Adultos y de escuelas secundarias orientadas de gesti\u00f3n estatal o privada, que no completaron su educaci\u00f3n secundaria. Tambi\u00e9n podr\u00e1n acceder j\u00f3venes y adultos que adeuden espacios curriculares.<\/p>\n<p>Las inscripciones se realizar\u00e1n desde el 1 al 31 de agosto.<\/p>\n<p>A.C.<\/p>\n","protected":false},"excerpt":{"rendered":"<p>Desde la Direcci\u00f3n General de Escuelas informaron que se implementar\u00e1 durante el ciclo lectivo 2018 el programa Terminalidad Educativa Mendoza, ex &#8230;<\/p>\n","protected":false},"author":5,"featured_media":32575,"comment_status":"open","ping_status":"open","sticky":false,"template":"","format":"standard","meta":{"footnotes":""},"categories":[5],"tags":[],"class_list":["post-38605","post","type-post","status-publish","format-standard","has-post-thumbnail","hentry","category-actualidad"],"_links":{"self":[{"href":"https:\/\/vinasfm.com\/noticias\/wp-json\/wp\/v2\/posts\/38605","targetHints":{"allow":["GET"]}}],"collection":[{"href":"https:\/\/vinasfm.com\/noticias\/wp-json\/wp\/v2\/posts"}],"about":[{"href":"https:\/\/vinasfm.com\/noticias\/wp-json\/wp\/v2\/types\/post"}],"author":[{"embeddable":true,"href":"https:\/\/vinasfm.com\/noticias\/wp-json\/wp\/v2\/users\/5"}],"replies":[{"embeddable":true,"href":"https:\/\/vinasfm.com\/noticias\/wp-json\/wp\/v2\/comments?post=38605"}],"version-history":[{"count":1,"href":"https:\/\/vinasfm.com\/noticias\/wp-json\/wp\/v2\/posts\/38605\/revisions"}],"predecessor-version":[{"id":38610,"href":"https:\/\/vinasfm.com\/noticias\/wp-json\/wp\/v2\/posts\/38605\/revisions\/38610"}],"wp:featuredmedia":[{"embeddable":true,"href":"https:\/\/vinasfm.com\/noticias\/wp-json\/wp\/v2\/media\/32575"}],"wp:attachment":[{"href":"https:\/\/vinasfm.com\/noticias\/wp-json\/wp\/v2\/media?parent=38605"}],"wp:term":[{"taxonomy":"category","embeddable":true,"href":"https:\/\/vinasfm.com\/noticias\/wp-json\/wp\/v2\/categories?post=38605"},{"taxonomy":"post_tag","embeddable":true,"href":"https:\/\/vinasfm.com\/noticias\/wp-json\/wp\/v2\/tags?post=38605"}],"curies":[{"name":"wp","href":"https:\/\/api.w.org\/{rel}","templated":true}]}}