{"id":38594,"date":"2018-08-02T10:15:26","date_gmt":"2018-08-02T13:15:26","guid":{"rendered":"http:\/\/vinasfm.com\/noticias\/?p=38594"},"modified":"2018-08-02T10:20:49","modified_gmt":"2018-08-02T13:20:49","slug":"continuan-abiertas-las-inscripciones-para-el-congreso-provincial-de-educacion","status":"publish","type":"post","link":"https:\/\/vinasfm.com\/noticias\/continuan-abiertas-las-inscripciones-para-el-congreso-provincial-de-educacion\/","title":{"rendered":"CONTIN\u00daAN ABIERTAS LAS INSCRIPCIONES PARA EL CONGRESO PROVINCIAL DE EDUCACI\u00d3N"},"content":{"rendered":"<p>Contin\u00faan abiertas las inscripciones para el\u00a0 Congreso Provincial de Educaci\u00f3n \u201cEscuelas Siglo XXI: Metas y Desaf\u00edos\u201d que se realizar\u00e1 el 3 y 4 de agosto, y que ya fue declarado de inter\u00e9s nacional.<\/p>\n<p>Todos los interesados de nuestro departamento deben inscribirse en la Municipalidad de 7:00 a 12:30 o en la tarde 18 a 20 de lunes a viernes, se puede abonar ah\u00ed mismo. Para aquellos que viven fuera de General Alvear, ya est\u00e1 habilitado el sistema eventbrite. Los costos son de $300 para los profesionales y $200 para los estudiantes.<\/p>\n<p>Desde la Direcci\u00f3n General de Escuelas se proporcion\u00f3 la liberaci\u00f3n de funciones y puntaje docente para todos aquellos maestros de primaria, profesores de secundario, t\u00e9cnica y trabajo, permanente de j\u00f3venes y adultos, y Educaci\u00f3n Privada que desean realizar este Congreso, que \u201ccuenta con una resoluci\u00f3n de puntaje 00099, tanto que para t\u00edtulos de base de 3 puntos 0,007650 y para t\u00edtulos de base de 16 puntos 0,040800\u201d expres\u00f3 Norma Ruiz Directora de Educaci\u00f3n.<\/p>\n<p>Esta capacitaci\u00f3n tiene como objetivos:<\/p>\n<p>.Comprender el concepto del rol docente en un contexto complejo, caracterizado por la desigualdad, la diversidad y las nuevas pr\u00e1cticas socioculturales.<\/p>\n<p>. Reflexionar pr\u00e1cticas conjuntas que permitan coordinar estrategias para establecer h\u00e1bitos, contenidos m\u00ednimos necesarios, t\u00e9cnicas de estudio, estrategias de ense\u00f1anza y de aprendizaje que faciliten a los alumnos el ingreso al Nivel Secundario.<\/p>\n<p>. Enfatizar la importancia de la investigaci\u00f3n y la formaci\u00f3n profesional permanente para el desarrollo de las pr\u00e1cticas \u00e1ulicas en relaci\u00f3n al logro de las metas propuestas.<\/p>\n<p>. Promover el advenimiento de un sujeto cr\u00edtico y reflexivo para la construcci\u00f3n de una sociedad justa y participativa.<\/p>\n<p>. Analizar y reflexionar sobre el rol de la escuela secundaria como constructora de subjetividad.<\/p>\n<p>. Aportar herramientas te\u00f3ricas y metodol\u00f3gicas analizando los cambios socioculturales sobre los procesos educativos formales y dise\u00f1ar estrategias como respuesta de los mismos.<\/p>\n<p>. Debatir la evaluaci\u00f3n no s\u00f3lo como aparato de medici\u00f3n sino como pregunta social y pol\u00edtica acerca de las funciones y efectos de las instituciones educativas.<\/p>\n<p>A.C.<\/p>\n","protected":false},"excerpt":{"rendered":"<p>Contin\u00faan abiertas las inscripciones para el\u00a0 Congreso Provincial de Educaci\u00f3n \u201cEscuelas Siglo XXI: Metas y Desaf\u00edos\u201d que se realizar\u00e1 el 3 &#8230;<\/p>\n","protected":false},"author":5,"featured_media":38595,"comment_status":"open","ping_status":"open","sticky":false,"template":"","format":"standard","meta":{"footnotes":""},"categories":[5],"tags":[],"class_list":["post-38594","post","type-post","status-publish","format-standard","has-post-thumbnail","hentry","category-actualidad"],"_links":{"self":[{"href":"https:\/\/vinasfm.com\/noticias\/wp-json\/wp\/v2\/posts\/38594","targetHints":{"allow":["GET"]}}],"collection":[{"href":"https:\/\/vinasfm.com\/noticias\/wp-json\/wp\/v2\/posts"}],"about":[{"href":"https:\/\/vinasfm.com\/noticias\/wp-json\/wp\/v2\/types\/post"}],"author":[{"embeddable":true,"href":"https:\/\/vinasfm.com\/noticias\/wp-json\/wp\/v2\/users\/5"}],"replies":[{"embeddable":true,"href":"https:\/\/vinasfm.com\/noticias\/wp-json\/wp\/v2\/comments?post=38594"}],"version-history":[{"count":1,"href":"https:\/\/vinasfm.com\/noticias\/wp-json\/wp\/v2\/posts\/38594\/revisions"}],"predecessor-version":[{"id":38596,"href":"https:\/\/vinasfm.com\/noticias\/wp-json\/wp\/v2\/posts\/38594\/revisions\/38596"}],"wp:featuredmedia":[{"embeddable":true,"href":"https:\/\/vinasfm.com\/noticias\/wp-json\/wp\/v2\/media\/38595"}],"wp:attachment":[{"href":"https:\/\/vinasfm.com\/noticias\/wp-json\/wp\/v2\/media?parent=38594"}],"wp:term":[{"taxonomy":"category","embeddable":true,"href":"https:\/\/vinasfm.com\/noticias\/wp-json\/wp\/v2\/categories?post=38594"},{"taxonomy":"post_tag","embeddable":true,"href":"https:\/\/vinasfm.com\/noticias\/wp-json\/wp\/v2\/tags?post=38594"}],"curies":[{"name":"wp","href":"https:\/\/api.w.org\/{rel}","templated":true}]}}