{"id":38572,"date":"2018-08-01T10:27:20","date_gmt":"2018-08-01T13:27:20","guid":{"rendered":"http:\/\/vinasfm.com\/noticias\/?p=38572"},"modified":"2018-08-01T10:33:26","modified_gmt":"2018-08-01T13:33:26","slug":"los-ilicitos-contra-la-propiedad-siguen-estando-a-la-orden-del-dia","status":"publish","type":"post","link":"https:\/\/vinasfm.com\/noticias\/los-ilicitos-contra-la-propiedad-siguen-estando-a-la-orden-del-dia\/","title":{"rendered":"LOS IL\u00cdCITOS CONTRA LA PROPIEDAD SIGUEN ESTANDO A LA ORDEN DEL D\u00cdA"},"content":{"rendered":"<p>En el d\u00eda de ayer denunci\u00f3 una v\u00edctima un il\u00edcito contra la propiedad en su domicilio particular en callej\u00f3n Rodr\u00edguez, donde manifest\u00f3 que le sustrajeron varios elementos tales como herramientas, m\u00e1quina de foto, una Notebook, dejando constancia que no ten\u00eda roturas ni violencias en las aberturas la vivienda por lo que mediante investigaciones se procedi\u00f3 a realizarse un allanamiento en una vivienda, donde se secuestra una Notebook manifestando que se la hab\u00eda comprado al hijo del empleada domestica de la v\u00edctima, es por ello que se solicit\u00f3 allanamiento en el domicilio de dicha persona en calle Alberdi con resultados positivos, procediendo al secuestro de una c\u00e1mara digital.<\/p>\n<p>Se labraron afectaciones en averiguaci\u00f3n robo en la unidad investigativa de General alvear en Comisar\u00eda 14.<\/p>\n<p>Otro il\u00edcito contra la propiedad que se llev\u00f3 a cabo en un sal\u00f3n de eventos en calle Uspallata y calle Alem, en donde la v\u00edctima al ser alertada por un vecino, manifest\u00f3 que se retir\u00f3 de dicho sal\u00f3n el d\u00eda s\u00e1bado 28 a las 19:00 horas aproximadamente, dejando el mismo con medidas de seguridad, quien luego de ser alertado constat\u00f3 que autores ignorados previo forzar a una puerta de rejas y romper la puerta de madera a la altura de la cerradura, ingresaron a una despensa y del interior le sustrajeron una pava el\u00e9ctrica, un microondas,\u00a0 2 garrafa de 10 kg color verde, una garrafa de 5 kg color negra, un pelotero inflable con forma de un castillo con su respectivo motor, una motoguada\u00f1a blanco con naranja, un serrucho el\u00e9ctrico, una agujereadora\u00a0 con estuche, una caja de herramientas varias de mano, una m\u00e1quina de soldar marca gama color azul y aut\u00f3gena.<\/p>\n<p>Se labraron las actuaciones en averiguaci\u00f3n rob\u00f3 en Comisaria 14.<\/p>\n<p>A.E<\/p>\n","protected":false},"excerpt":{"rendered":"<p>En el d\u00eda de ayer denunci\u00f3 una v\u00edctima un il\u00edcito contra la propiedad en su domicilio particular en callej\u00f3n Rodr\u00edguez, donde &#8230;<\/p>\n","protected":false},"author":5,"featured_media":34476,"comment_status":"open","ping_status":"open","sticky":false,"template":"","format":"standard","meta":{"footnotes":""},"categories":[5,4],"tags":[],"class_list":["post-38572","post","type-post","status-publish","format-standard","has-post-thumbnail","hentry","category-actualidad","category-policiales"],"_links":{"self":[{"href":"https:\/\/vinasfm.com\/noticias\/wp-json\/wp\/v2\/posts\/38572","targetHints":{"allow":["GET"]}}],"collection":[{"href":"https:\/\/vinasfm.com\/noticias\/wp-json\/wp\/v2\/posts"}],"about":[{"href":"https:\/\/vinasfm.com\/noticias\/wp-json\/wp\/v2\/types\/post"}],"author":[{"embeddable":true,"href":"https:\/\/vinasfm.com\/noticias\/wp-json\/wp\/v2\/users\/5"}],"replies":[{"embeddable":true,"href":"https:\/\/vinasfm.com\/noticias\/wp-json\/wp\/v2\/comments?post=38572"}],"version-history":[{"count":2,"href":"https:\/\/vinasfm.com\/noticias\/wp-json\/wp\/v2\/posts\/38572\/revisions"}],"predecessor-version":[{"id":38577,"href":"https:\/\/vinasfm.com\/noticias\/wp-json\/wp\/v2\/posts\/38572\/revisions\/38577"}],"wp:featuredmedia":[{"embeddable":true,"href":"https:\/\/vinasfm.com\/noticias\/wp-json\/wp\/v2\/media\/34476"}],"wp:attachment":[{"href":"https:\/\/vinasfm.com\/noticias\/wp-json\/wp\/v2\/media?parent=38572"}],"wp:term":[{"taxonomy":"category","embeddable":true,"href":"https:\/\/vinasfm.com\/noticias\/wp-json\/wp\/v2\/categories?post=38572"},{"taxonomy":"post_tag","embeddable":true,"href":"https:\/\/vinasfm.com\/noticias\/wp-json\/wp\/v2\/tags?post=38572"}],"curies":[{"name":"wp","href":"https:\/\/api.w.org\/{rel}","templated":true}]}}