{"id":38568,"date":"2018-08-01T10:24:18","date_gmt":"2018-08-01T13:24:18","guid":{"rendered":"http:\/\/vinasfm.com\/noticias\/?p=38568"},"modified":"2018-08-01T10:24:18","modified_gmt":"2018-08-01T13:24:18","slug":"fue-aprehendido-cuando-iba-en-contramano-con-una-moto-robada-el-ano-pasado","status":"publish","type":"post","link":"https:\/\/vinasfm.com\/noticias\/fue-aprehendido-cuando-iba-en-contramano-con-una-moto-robada-el-ano-pasado\/","title":{"rendered":"FUE APREHENDIDO CUANDO IBA EN CONTRAMANO CON UNA MOTO ROBADA EL A\u00d1O PASADO"},"content":{"rendered":"<p>En horas de la tarde personal policial en patrullaje observ\u00f3 a un masculino que circulaba en una motocicleta en contra mano por calle Bernardo de Irigoyen y Corrientes.<\/p>\n<p>Se procedi\u00f3 a interceptarlo y solicitarle la correspondiente documentaci\u00f3n. Al verificar el dominio a trav\u00e9s de la frecuencia radial comunicaron que pose\u00eda pedido de secuestro de la misma y el del ocupante por hurto agravado.<\/p>\n<p>Se sucedi\u00f3 el secuestro del rodado, la ejecuci\u00f3n del acta por infracci\u00f3n vial, la aprehensi\u00f3n y traslado del mismo a Comisar\u00eda 14.<\/p>\n<p>A.C.<\/p>\n","protected":false},"excerpt":{"rendered":"<p>En horas de la tarde personal policial en patrullaje observ\u00f3 a un masculino que circulaba en una motocicleta en contra mano &#8230;<\/p>\n","protected":false},"author":5,"featured_media":21228,"comment_status":"open","ping_status":"open","sticky":false,"template":"","format":"standard","meta":{"footnotes":""},"categories":[5,4],"tags":[],"class_list":["post-38568","post","type-post","status-publish","format-standard","has-post-thumbnail","hentry","category-actualidad","category-policiales"],"_links":{"self":[{"href":"https:\/\/vinasfm.com\/noticias\/wp-json\/wp\/v2\/posts\/38568","targetHints":{"allow":["GET"]}}],"collection":[{"href":"https:\/\/vinasfm.com\/noticias\/wp-json\/wp\/v2\/posts"}],"about":[{"href":"https:\/\/vinasfm.com\/noticias\/wp-json\/wp\/v2\/types\/post"}],"author":[{"embeddable":true,"href":"https:\/\/vinasfm.com\/noticias\/wp-json\/wp\/v2\/users\/5"}],"replies":[{"embeddable":true,"href":"https:\/\/vinasfm.com\/noticias\/wp-json\/wp\/v2\/comments?post=38568"}],"version-history":[{"count":1,"href":"https:\/\/vinasfm.com\/noticias\/wp-json\/wp\/v2\/posts\/38568\/revisions"}],"predecessor-version":[{"id":38573,"href":"https:\/\/vinasfm.com\/noticias\/wp-json\/wp\/v2\/posts\/38568\/revisions\/38573"}],"wp:featuredmedia":[{"embeddable":true,"href":"https:\/\/vinasfm.com\/noticias\/wp-json\/wp\/v2\/media\/21228"}],"wp:attachment":[{"href":"https:\/\/vinasfm.com\/noticias\/wp-json\/wp\/v2\/media?parent=38568"}],"wp:term":[{"taxonomy":"category","embeddable":true,"href":"https:\/\/vinasfm.com\/noticias\/wp-json\/wp\/v2\/categories?post=38568"},{"taxonomy":"post_tag","embeddable":true,"href":"https:\/\/vinasfm.com\/noticias\/wp-json\/wp\/v2\/tags?post=38568"}],"curies":[{"name":"wp","href":"https:\/\/api.w.org\/{rel}","templated":true}]}}