{"id":38566,"date":"2018-08-01T11:04:37","date_gmt":"2018-08-01T14:04:37","guid":{"rendered":"http:\/\/vinasfm.com\/noticias\/?p=38566"},"modified":"2018-08-02T10:22:22","modified_gmt":"2018-08-02T13:22:22","slug":"actividades-culturales-en-el-agosto-alvearense","status":"publish","type":"post","link":"https:\/\/vinasfm.com\/noticias\/actividades-culturales-en-el-agosto-alvearense\/","title":{"rendered":"ACTIVIDADES CULTURALES EN EL AGOSTO ALVEARENSE"},"content":{"rendered":"<p>Comienza el Agosto Alvearense, con un mes cargado de actividades.<\/p>\n<p>En el \u00e1mbito cultural Liana Piedrafita en dialogo con Vi\u00f1as, brindo detalles de los eventos que se van a desarrollar.<\/p>\n<p>El viernes 3 comienzan las actividades con la orquesta Alas del Viento en el teatro Antonio Lafalla y el s\u00e1bado 4 habr\u00e1 un elenco de ballet de la Escuela Mar\u00eda Cristina Hidalgo de la ciudad de Mendoza.<\/p>\n<p>El viernes 10 de agosto, ya como parte del fin de semana del aniversario departamental, va a haber un tributo a Tejada G\u00f3mez donde Andr\u00e9s Iacopini y Ricardo Riquero, estar\u00e1n record\u00e1ndolo con sus poemas y canciones. Tendr\u00e1 un costo de $150.<\/p>\n<p>El s\u00e1bado 11 viene la Orquesta Filarm\u00f3nica con 52 personas en total. A partir de las 21 van a estar abiertas las puertas del teatro para que a las 21:30 pueda comenzar el espect\u00e1culo. En este caso, las entradas ya est\u00e1n a la venta, con un precio de \u00a0$300 y de $200 para jubilados.<\/p>\n<p>El domingo 12 de agosto en el cumplea\u00f1os de Alvear, la noche ser\u00e1 de tango con un costo de $150.<\/p>\n<p>A.C.<\/p>\n","protected":false},"excerpt":{"rendered":"<p>Comienza el Agosto Alvearense, con un mes cargado de actividades. En el \u00e1mbito cultural Liana Piedrafita en dialogo con Vi\u00f1as, brindo &#8230;<\/p>\n","protected":false},"author":5,"featured_media":37249,"comment_status":"open","ping_status":"open","sticky":false,"template":"","format":"standard","meta":{"footnotes":""},"categories":[5],"tags":[],"class_list":["post-38566","post","type-post","status-publish","format-standard","has-post-thumbnail","hentry","category-actualidad"],"_links":{"self":[{"href":"https:\/\/vinasfm.com\/noticias\/wp-json\/wp\/v2\/posts\/38566","targetHints":{"allow":["GET"]}}],"collection":[{"href":"https:\/\/vinasfm.com\/noticias\/wp-json\/wp\/v2\/posts"}],"about":[{"href":"https:\/\/vinasfm.com\/noticias\/wp-json\/wp\/v2\/types\/post"}],"author":[{"embeddable":true,"href":"https:\/\/vinasfm.com\/noticias\/wp-json\/wp\/v2\/users\/5"}],"replies":[{"embeddable":true,"href":"https:\/\/vinasfm.com\/noticias\/wp-json\/wp\/v2\/comments?post=38566"}],"version-history":[{"count":1,"href":"https:\/\/vinasfm.com\/noticias\/wp-json\/wp\/v2\/posts\/38566\/revisions"}],"predecessor-version":[{"id":38567,"href":"https:\/\/vinasfm.com\/noticias\/wp-json\/wp\/v2\/posts\/38566\/revisions\/38567"}],"wp:featuredmedia":[{"embeddable":true,"href":"https:\/\/vinasfm.com\/noticias\/wp-json\/wp\/v2\/media\/37249"}],"wp:attachment":[{"href":"https:\/\/vinasfm.com\/noticias\/wp-json\/wp\/v2\/media?parent=38566"}],"wp:term":[{"taxonomy":"category","embeddable":true,"href":"https:\/\/vinasfm.com\/noticias\/wp-json\/wp\/v2\/categories?post=38566"},{"taxonomy":"post_tag","embeddable":true,"href":"https:\/\/vinasfm.com\/noticias\/wp-json\/wp\/v2\/tags?post=38566"}],"curies":[{"name":"wp","href":"https:\/\/api.w.org\/{rel}","templated":true}]}}