{"id":38557,"date":"2018-08-01T09:14:44","date_gmt":"2018-08-01T12:14:44","guid":{"rendered":"http:\/\/vinasfm.com\/noticias\/?p=38557"},"modified":"2018-08-01T09:15:24","modified_gmt":"2018-08-01T12:15:24","slug":"detuvieron-a-dos-sujetos-por-cazar-vizcachas-en-jaime-prats","status":"publish","type":"post","link":"https:\/\/vinasfm.com\/noticias\/detuvieron-a-dos-sujetos-por-cazar-vizcachas-en-jaime-prats\/","title":{"rendered":"DETUVIERON A DOS SUJETOS POR CAZAR VIZCACHAS EN JAIME PRATS"},"content":{"rendered":"<p>Anoche cerca de la hora 21, dos hombres fueron detenidos por cazar vizcachas en Jaime Prats. Les secuestraron un rifle calibre 22 con mira telesc\u00f3pica.<\/p>\n<p>El operativo se realiz\u00f3 en el callej\u00f3n Bar\u00f3n cuando personal de Polic\u00eda Rural escuch\u00f3 disparos de arma de fuego. All\u00ed sorprendieron a dos sujetos de 26 y 31 a\u00f1os que se movilizaban en un Peugeot 207. En la requisa de rigor les secuestraron dos vizcachas faenadas, el rifle y 12 cartuchos.<\/p>\n<p>Los detenidos fueron trasladados a la Comisar\u00eda 26 de Villa Atuel donde se judicializ\u00f3 la causa en infracci\u00f3n a la Ley 22.421 que protege la fauna local.<\/p>\n<p>A.C.<\/p>\n","protected":false},"excerpt":{"rendered":"<p>Anoche cerca de la hora 21, dos hombres fueron detenidos por cazar vizcachas en Jaime Prats. Les secuestraron un rifle calibre &#8230;<\/p>\n","protected":false},"author":5,"featured_media":34018,"comment_status":"open","ping_status":"open","sticky":false,"template":"","format":"standard","meta":{"footnotes":""},"categories":[5,4],"tags":[],"class_list":["post-38557","post","type-post","status-publish","format-standard","has-post-thumbnail","hentry","category-actualidad","category-policiales"],"_links":{"self":[{"href":"https:\/\/vinasfm.com\/noticias\/wp-json\/wp\/v2\/posts\/38557","targetHints":{"allow":["GET"]}}],"collection":[{"href":"https:\/\/vinasfm.com\/noticias\/wp-json\/wp\/v2\/posts"}],"about":[{"href":"https:\/\/vinasfm.com\/noticias\/wp-json\/wp\/v2\/types\/post"}],"author":[{"embeddable":true,"href":"https:\/\/vinasfm.com\/noticias\/wp-json\/wp\/v2\/users\/5"}],"replies":[{"embeddable":true,"href":"https:\/\/vinasfm.com\/noticias\/wp-json\/wp\/v2\/comments?post=38557"}],"version-history":[{"count":1,"href":"https:\/\/vinasfm.com\/noticias\/wp-json\/wp\/v2\/posts\/38557\/revisions"}],"predecessor-version":[{"id":38561,"href":"https:\/\/vinasfm.com\/noticias\/wp-json\/wp\/v2\/posts\/38557\/revisions\/38561"}],"wp:featuredmedia":[{"embeddable":true,"href":"https:\/\/vinasfm.com\/noticias\/wp-json\/wp\/v2\/media\/34018"}],"wp:attachment":[{"href":"https:\/\/vinasfm.com\/noticias\/wp-json\/wp\/v2\/media?parent=38557"}],"wp:term":[{"taxonomy":"category","embeddable":true,"href":"https:\/\/vinasfm.com\/noticias\/wp-json\/wp\/v2\/categories?post=38557"},{"taxonomy":"post_tag","embeddable":true,"href":"https:\/\/vinasfm.com\/noticias\/wp-json\/wp\/v2\/tags?post=38557"}],"curies":[{"name":"wp","href":"https:\/\/api.w.org\/{rel}","templated":true}]}}