{"id":38546,"date":"2018-08-01T08:43:19","date_gmt":"2018-08-01T11:43:19","guid":{"rendered":"http:\/\/vinasfm.com\/noticias\/?p=38546"},"modified":"2018-08-01T08:43:19","modified_gmt":"2018-08-01T11:43:19","slug":"lobesia-botrana-continuan-las-jornadas-de-intercambio-de-experiencias-entre-estados-unidos-y-argentina","status":"publish","type":"post","link":"https:\/\/vinasfm.com\/noticias\/lobesia-botrana-continuan-las-jornadas-de-intercambio-de-experiencias-entre-estados-unidos-y-argentina\/","title":{"rendered":"LOBESIA BOTRANA: CONTIN\u00daAN LAS JORNADAS DE INTERCAMBIO DE EXPERIENCIAS ENTRE\u00a0 ESTADOS UNIDOS Y ARGENTINA"},"content":{"rendered":"<p>El Gobernador Alfredo Cornejo recibi\u00f3 a la especialista Beth Stone Smith, del programa de control p\u00fablico-privado de Lobesia botrana de California, Estados Unidos, lugar en el cual se logr\u00f3 la erradicaci\u00f3n de la plaga. El encuentro busc\u00f3 compartir experiencias y fortalecer la estrategia que se implementa en la provincia.<\/p>\n<p>Stone Smith, quien coordin\u00f3 el equipo que erradic\u00f3 la plaga en el estado de California, le explic\u00f3 al mandatario que una de las primeras medidas que tom\u00f3 para llevar adelante el programa en California fue establecer v\u00ednculos y compromisos p\u00fablico-privados con diferentes entidades de su pa\u00eds.<\/p>\n<p>El Gobernador expres\u00f3 que la presencia de esta profesional en nuestra provincia \u201crepresenta una gran colaboraci\u00f3n para nuestro proyecto de combatir la plaga. En el \u00faltimo a\u00f1o hemos tenido avances pero nuestro objetivo es muy ambicioso, porque queremos erradicarla. Queremos una econom\u00eda regional sana donde la viticultura tenga un gran papel muy destacado\u201d.<\/p>\n<p>El ministro Kerchner explic\u00f3 los avances conseguidos gracias a la puesta en marcha del programa y el titular del Iscamen adem\u00e1s, destac\u00f3 el trabajo realizado con el Senasa nacional, \u201cque nos permiti\u00f3 lograr estos avances t\u00e9cnicos. Las similitudes con California son varias, entre ellas el trabajo entre p\u00fablicos y privados y el gran objetivo de lograr la erradicaci\u00f3n. Coincidimos en que tenemos que seguir trabajando para alcanzar este objetivo\u201d.<\/p>\n<p>En cuanto a las jornadas que se est\u00e1n realizando, Molero indic\u00f3: \u201cEs un esfuerzo importante el que realiza la Provincia para traer a quienes m\u00e1s saben en el mundo sobre esta plaga. Espero que sirvan para alcanzar los mismos resultados que en California, que es la \u00fanica regi\u00f3n del mundo que logr\u00f3 erradicar la plaga definitivamente\u201d. \u201cEl intercambio entre profesionales de su experiencia para trasladar lo aprendido en el Norte hacia Mendoza nos permitir\u00e1 no pagar derecho de piso y tener la base s\u00f3lida de experiencia que lograron ellos\u201d, agreg\u00f3.<\/p>\n<p>Ayer y hoy, en la sede central del Iscamen, se realiza una jornada sobre Lobesia botrana. Busca generar un espacio de intercambio de experiencias en cuanto a las medidas fitosanitarias implementadas; las estrategias abordadas, los puntos cr\u00edticos de las acciones operativas implementadas, modelos organizacionales, movimiento de art\u00edculos reglamentados, la problem\u00e1tica de los establecimientos abandonados, como tambi\u00e9n el rol de la participaci\u00f3n p\u00fablico-privada desarrollados por cada pa\u00eds, entre otros temas.<\/p>\n<p>A.C.<\/p>\n","protected":false},"excerpt":{"rendered":"<p>El Gobernador Alfredo Cornejo recibi\u00f3 a la especialista Beth Stone Smith, del programa de control p\u00fablico-privado de Lobesia botrana de California, &#8230;<\/p>\n","protected":false},"author":5,"featured_media":38547,"comment_status":"open","ping_status":"open","sticky":false,"template":"","format":"standard","meta":{"footnotes":""},"categories":[5,14],"tags":[],"class_list":["post-38546","post","type-post","status-publish","format-standard","has-post-thumbnail","hentry","category-actualidad","category-agro"],"_links":{"self":[{"href":"https:\/\/vinasfm.com\/noticias\/wp-json\/wp\/v2\/posts\/38546","targetHints":{"allow":["GET"]}}],"collection":[{"href":"https:\/\/vinasfm.com\/noticias\/wp-json\/wp\/v2\/posts"}],"about":[{"href":"https:\/\/vinasfm.com\/noticias\/wp-json\/wp\/v2\/types\/post"}],"author":[{"embeddable":true,"href":"https:\/\/vinasfm.com\/noticias\/wp-json\/wp\/v2\/users\/5"}],"replies":[{"embeddable":true,"href":"https:\/\/vinasfm.com\/noticias\/wp-json\/wp\/v2\/comments?post=38546"}],"version-history":[{"count":1,"href":"https:\/\/vinasfm.com\/noticias\/wp-json\/wp\/v2\/posts\/38546\/revisions"}],"predecessor-version":[{"id":38548,"href":"https:\/\/vinasfm.com\/noticias\/wp-json\/wp\/v2\/posts\/38546\/revisions\/38548"}],"wp:featuredmedia":[{"embeddable":true,"href":"https:\/\/vinasfm.com\/noticias\/wp-json\/wp\/v2\/media\/38547"}],"wp:attachment":[{"href":"https:\/\/vinasfm.com\/noticias\/wp-json\/wp\/v2\/media?parent=38546"}],"wp:term":[{"taxonomy":"category","embeddable":true,"href":"https:\/\/vinasfm.com\/noticias\/wp-json\/wp\/v2\/categories?post=38546"},{"taxonomy":"post_tag","embeddable":true,"href":"https:\/\/vinasfm.com\/noticias\/wp-json\/wp\/v2\/tags?post=38546"}],"curies":[{"name":"wp","href":"https:\/\/api.w.org\/{rel}","templated":true}]}}