{"id":38542,"date":"2018-08-01T08:16:49","date_gmt":"2018-08-01T11:16:49","guid":{"rendered":"http:\/\/vinasfm.com\/noticias\/?p=38542"},"modified":"2018-08-01T08:16:49","modified_gmt":"2018-08-01T11:16:49","slug":"tres-jovenes-de-bowen-deberan-limpiar-los-grafitis-que-pintaron-en-valle-grande","status":"publish","type":"post","link":"https:\/\/vinasfm.com\/noticias\/tres-jovenes-de-bowen-deberan-limpiar-los-grafitis-que-pintaron-en-valle-grande\/","title":{"rendered":"TRES J\u00d3VENES DE BOWEN DEBER\u00c1N LIMPIAR LOS GRAFITIS QUE PINTARON EN VALLE GRANDE"},"content":{"rendered":"<p>En un hecho in\u00e9dito, los responsables de pintar grafitis en la formaci\u00f3n \u00abMil Hojas\u00bb se har\u00e1n cargo de su remoci\u00f3n para evitar una eventual condena judicial. Es la primera vez que se reparar\u00e1 un da\u00f1o en un cerro de Valle Grande.<\/p>\n<p>Las pintadas, realizadas el domingo 22 de julio, fueron realizadas por un joven mayor de edad y dos mujeres adolescentes de Bowen. Fueron identificados porque no tuvieron la mejor idea que colocar sus nombres y su lugar de origen. Con estos datos y el buscador de Facebook fue f\u00e1cil encontrarlos.<\/p>\n<p>Luego el Ente Mendoza Turismo (Emetur), a trav\u00e9s de su delegado local, Edgar Rodr\u00edguez, radicaron una denuncia policial que deriv\u00f3 una causa judicial que recay\u00f3 en el fiscal correccional Javier Giaroli, quien caratul\u00f3 el hecho como \u00abda\u00f1o agravado\u00bb.<\/p>\n<p>Los tres j\u00f3venes, que fueron encontrados por Investigaciones, comparecieron este martes ante la fiscal\u00eda correccional y \u00abmanifestaron profundo arrepentimiento por lo que ha ocurrido y ofrecieron la reparaci\u00f3n integral del da\u00f1o, que es lo que persegu\u00eda Emetur al momento de realizar la denuncia\u00bb.<\/p>\n<p>Luego de una consulta con un ingeniero civil, se opt\u00f3 por limpiar los grafitis con aire comprimido con arena, tarea que har\u00e1 este mi\u00e9rcoles a partir de las 14 y ser\u00e1 pagada por los tres j\u00f3venes acusados.<\/p>\n<p>\u00abEl costo de seis metros cuadrados con estos tres nombres y la referencia a la localidad de Alvear va a correr por cuenta de ellos\u00bb, confirm\u00f3 el fiscal.<\/p>\n<p>Previamente, a la ma\u00f1ana se har\u00e1 una audiencia con los j\u00f3venes y luego se pedir\u00e1 un cuarto intermedio hasta la siesta para que las partes se trasladen a Valle Grande a corroborar el trabajo de remoci\u00f3n de las pintadas.<\/p>\n<p>La reparaci\u00f3n del da\u00f1o permitir\u00e1 a la defensa de los acusados pedir al juez de garant\u00edas que no se mantenga la acusaci\u00f3n y as\u00ed zafar de una eventual condena. El da\u00f1o agravado contempla un m\u00e1ximo de cuatro a\u00f1os de prisi\u00f3n.<\/p>\n<p>Teniendo en cuenta esta movida, el Ente de Turismo buscar\u00e1 borrar tambi\u00e9n otros grafitis que hay en ese cerro emblem\u00e1tico de Valle Grande.<\/p>\n<p>\u00abAh\u00ed va a interceder Emetur, que aprovechar\u00e1 la presencia de este equipo para hacer una limpieza de la totalidad de los grafitis que existen de antigua data\u00bb, dijo el fiscal.<\/p>\n<p>Uno San Rafael.<\/p>\n","protected":false},"excerpt":{"rendered":"<p>En un hecho in\u00e9dito, los responsables de pintar grafitis en la formaci\u00f3n \u00abMil Hojas\u00bb se har\u00e1n cargo de su remoci\u00f3n para &#8230;<\/p>\n","protected":false},"author":5,"featured_media":38415,"comment_status":"open","ping_status":"open","sticky":false,"template":"","format":"standard","meta":{"footnotes":""},"categories":[5],"tags":[],"class_list":["post-38542","post","type-post","status-publish","format-standard","has-post-thumbnail","hentry","category-actualidad"],"_links":{"self":[{"href":"https:\/\/vinasfm.com\/noticias\/wp-json\/wp\/v2\/posts\/38542","targetHints":{"allow":["GET"]}}],"collection":[{"href":"https:\/\/vinasfm.com\/noticias\/wp-json\/wp\/v2\/posts"}],"about":[{"href":"https:\/\/vinasfm.com\/noticias\/wp-json\/wp\/v2\/types\/post"}],"author":[{"embeddable":true,"href":"https:\/\/vinasfm.com\/noticias\/wp-json\/wp\/v2\/users\/5"}],"replies":[{"embeddable":true,"href":"https:\/\/vinasfm.com\/noticias\/wp-json\/wp\/v2\/comments?post=38542"}],"version-history":[{"count":1,"href":"https:\/\/vinasfm.com\/noticias\/wp-json\/wp\/v2\/posts\/38542\/revisions"}],"predecessor-version":[{"id":38544,"href":"https:\/\/vinasfm.com\/noticias\/wp-json\/wp\/v2\/posts\/38542\/revisions\/38544"}],"wp:featuredmedia":[{"embeddable":true,"href":"https:\/\/vinasfm.com\/noticias\/wp-json\/wp\/v2\/media\/38415"}],"wp:attachment":[{"href":"https:\/\/vinasfm.com\/noticias\/wp-json\/wp\/v2\/media?parent=38542"}],"wp:term":[{"taxonomy":"category","embeddable":true,"href":"https:\/\/vinasfm.com\/noticias\/wp-json\/wp\/v2\/categories?post=38542"},{"taxonomy":"post_tag","embeddable":true,"href":"https:\/\/vinasfm.com\/noticias\/wp-json\/wp\/v2\/tags?post=38542"}],"curies":[{"name":"wp","href":"https:\/\/api.w.org\/{rel}","templated":true}]}}