{"id":37649,"date":"2018-07-14T08:35:26","date_gmt":"2018-07-14T11:35:26","guid":{"rendered":"http:\/\/vinasfm.com\/noticias\/?p=37649"},"modified":"2018-07-14T08:42:47","modified_gmt":"2018-07-14T11:42:47","slug":"campana-de-invierno-se-redujeron-un-30-las-enfermedades-respiratorias","status":"publish","type":"post","link":"https:\/\/vinasfm.com\/noticias\/campana-de-invierno-se-redujeron-un-30-las-enfermedades-respiratorias\/","title":{"rendered":"CAMPA\u00d1A DE INVIERNO: SE REDUJERON UN 30% LAS ENFERMEDADES\u00a0RESPIRATORIAS"},"content":{"rendered":"<p>Es en relaci\u00f3n con el a\u00f1o anterior, se redujo un 30% las enfermedades respiratorias, debido a una vacunaci\u00f3n oportuna y las medidas de prevenci\u00f3n. Ya se han colocado 202 mil dosis y se espera que para setiembre se alcance a la meta oficial de 230 mil dosis.<\/p>\n<p>El Ministerio de Salud, Desarrollo Social y Deportes comunica que, a la\u00a0fecha, existe una reducci\u00f3n en los casos de enfermedades respiratorias en\u00a0relaci\u00f3n con las misma \u00e9poca del a\u00f1o pasado.<\/p>\n<p>Estamos atravesando la \u00e9poca invernal, cuando siempre se produce\u00a0un incremento en este tipo de enfermedades, como la gripe, amigdalitis, bronquiolitis y neumon\u00edas, consideradas enfermedades estacionales,\u00a0propias de la \u00e9poca. Este a\u00f1o se ha reducido la cantidad de casos y las<br \/>\nconsultas por este tipo de enfermedades.<\/p>\n<p>Al respecto, el subsecretario de Salud, Oscar Sag\u00e1s, destac\u00f3: \u201cEste\u00a0a\u00f1o hemos tenido un atraso en la presentaci\u00f3n de enfermedades\u00a0respiratorias que puede constatarse al comparar la cantidad de casos que\u00a0se hab\u00edan registrado para este misma \u00e9poca en 2017, sobre todo en casos\u00a0de bronquiolitis\u201d.<\/p>\n<p>\u201cEsta baja se debe a que el ministerio ha desarrollado de forma oportuna\u00a0la Campa\u00f1a de Invierno, con muy buenos resultados obtenidos en la\u00a0vacunaci\u00f3n contra la gripe. Ya se han colocado 202 mil dosis y se\u00a0espera que para setiembre se alcance la meta oficial de 230 mil dosis\u201d, expres\u00f3 el funcionario.<\/p>\n<p>Esta vacuna est\u00e1 destinada principalmente a los grupos de riesgo, que\u00a0son los que tienen mayor posibilidades de sufrir complicaciones por la gripe y\u00a0deben recibir la vacuna todos los a\u00f1os. Entre ellos se\u00a0encuentran los trabajadores de la salud; todas las mujeres embarazadas,\u00a0en cualquier momento de la gestaci\u00f3n; las mujeres que tienen beb\u00e9s\u00a0menores de 6 meses; los ni\u00f1os entre 6 meses y 24 meses inclusive (deben\u00a0recibir 2 dosis, con un intervalo m\u00ednimo de cuatro semanas); ni\u00f1os y\u00a0adultos que tienen entre 2 y 64 a\u00f1os con enfermedades cr\u00f3nicas\u00a0(respiratorias, card\u00edacas, renales, diabetes, obesidad m\u00f3rbida), con\u00a0receta m\u00e9dica. En el caso de los ni\u00f1os de 2 a 8 a\u00f1os inclusive, que se\u00a0vacunan por primera vez contra la gripe, deben recibir 2 dosis con un\u00a0intervalo m\u00ednimo de cuatro semanas.<\/p>\n<p>La vacuna se puede colocar durante todo el a\u00f1o en el Vacunatorio\u00a0Central, en hospitales y centros de salud de toda la provincia.<\/p>\n<p>De todos modos, desde el ministerio no descartan que el pico de las\u00a0enfermedades respiratorias pueda producirse el pr\u00f3ximo mes. Por lo cual\u00a0aconsejan a la comunidad continuar con las medidas de prevenci\u00f3n, como, al toser o estornudar, cubrirse la boca y la nariz con el brazo, lavarse\u00a0las manos de forma frecuente y mantener los ambientes limpios y\u00a0ventilados.<\/p>\n<p>Cuidados para evitar enfermarse y transmitir la gripe<\/p>\n<ul>\n<li>Lavarse frecuentemente las manos con agua y jab\u00f3n.<\/li>\n<li>Al toser o estornudar, cubrirse la boca y nariz con un pa\u00f1uelo\u00a0descartable o con el \u00e1ngulo interno del codo.<\/li>\n<li>Tirar a la basura los pa\u00f1uelos descartables inmediatamente despu\u00e9s de\u00a0usarlos.<\/li>\n<li>Ventilar los ambientes y permitir la entrada de sol en casas y otros\u00a0ambientes cerrados.<\/li>\n<li>Mantener limpios picaportes y objetos de uso com\u00fan.<\/li>\n<li>No compartir cubiertos ni vasos.<\/li>\n<li>Ense\u00f1ar a los ni\u00f1os a lavarse frecuentemente las manos en la escuela y\u00a0hogar.<\/li>\n<\/ul>\n<p>\u00bfQu\u00e9 hacer ante los s\u00edntomas de la gripe?<\/p>\n<ul>\n<li>Consultar al m\u00e9dico lo antes posible.<\/li>\n<li>Permanecer en casa durante una semana haciendo reposo.<\/li>\n<li>Tomar abundante l\u00edquido.<\/li>\n<li>No automedicarse.<\/li>\n<li>Cubrirse la nariz y la boca al estornudar o toser.<\/li>\n<li>Lavarse frecuentemente las manos.<\/li>\n<li>Evitar el contacto con otras personas.<\/li>\n<li>Ventilar bien los ambientes.<\/li>\n<li>No compartir alimentos, bebidas, vasos ni cubiertos.<\/li>\n<li>Limpiar las superficies y objetos que se tocan con agua y detergente o\u00a0alcohol.<\/li>\n<\/ul>\n<p>Fuente: Prensa Gobierno<\/p>\n","protected":false},"excerpt":{"rendered":"<p>Es en relaci\u00f3n con el a\u00f1o anterior, se redujo un 30% las enfermedades respiratorias, debido a una vacunaci\u00f3n oportuna y las &#8230;<\/p>\n","protected":false},"author":5,"featured_media":37650,"comment_status":"open","ping_status":"open","sticky":false,"template":"","format":"standard","meta":{"footnotes":""},"categories":[5,15],"tags":[],"class_list":["post-37649","post","type-post","status-publish","format-standard","has-post-thumbnail","hentry","category-actualidad","category-salud"],"_links":{"self":[{"href":"https:\/\/vinasfm.com\/noticias\/wp-json\/wp\/v2\/posts\/37649","targetHints":{"allow":["GET"]}}],"collection":[{"href":"https:\/\/vinasfm.com\/noticias\/wp-json\/wp\/v2\/posts"}],"about":[{"href":"https:\/\/vinasfm.com\/noticias\/wp-json\/wp\/v2\/types\/post"}],"author":[{"embeddable":true,"href":"https:\/\/vinasfm.com\/noticias\/wp-json\/wp\/v2\/users\/5"}],"replies":[{"embeddable":true,"href":"https:\/\/vinasfm.com\/noticias\/wp-json\/wp\/v2\/comments?post=37649"}],"version-history":[{"count":1,"href":"https:\/\/vinasfm.com\/noticias\/wp-json\/wp\/v2\/posts\/37649\/revisions"}],"predecessor-version":[{"id":37651,"href":"https:\/\/vinasfm.com\/noticias\/wp-json\/wp\/v2\/posts\/37649\/revisions\/37651"}],"wp:featuredmedia":[{"embeddable":true,"href":"https:\/\/vinasfm.com\/noticias\/wp-json\/wp\/v2\/media\/37650"}],"wp:attachment":[{"href":"https:\/\/vinasfm.com\/noticias\/wp-json\/wp\/v2\/media?parent=37649"}],"wp:term":[{"taxonomy":"category","embeddable":true,"href":"https:\/\/vinasfm.com\/noticias\/wp-json\/wp\/v2\/categories?post=37649"},{"taxonomy":"post_tag","embeddable":true,"href":"https:\/\/vinasfm.com\/noticias\/wp-json\/wp\/v2\/tags?post=37649"}],"curies":[{"name":"wp","href":"https:\/\/api.w.org\/{rel}","templated":true}]}}