{"id":37646,"date":"2018-07-14T08:26:01","date_gmt":"2018-07-14T11:26:01","guid":{"rendered":"http:\/\/vinasfm.com\/noticias\/?p=37646"},"modified":"2018-07-14T10:12:19","modified_gmt":"2018-07-14T13:12:19","slug":"juegos-recreativos-de-invierno-y-campeonato-de-mountain-bike","status":"publish","type":"post","link":"https:\/\/vinasfm.com\/noticias\/juegos-recreativos-de-invierno-y-campeonato-de-mountain-bike\/","title":{"rendered":"JUEGOS RECREATIVOS DE INVIERNO Y CAMPEONATO DE MOUNTAIN BIKE"},"content":{"rendered":"<p>Asi lo anunci\u00f3 el Director de Deportes, Actividad F\u00edsica y Recreaci\u00f3n de la Municipalidad de General Alvear, Jer\u00f3nimo Colla, donde en contacto con FmVi\u00f1as coment\u00f3 acerca de las visitas realizadas en los distintos barrios del departamento y de la organizaci\u00f3n de jugos recreativos para ni\u00f1os, deportivos para adolescentes en vacaciones y el campeonato de Mountain Bike.<\/p>\n<div class=\"post-content\">\n<p>Los juegos de invierno comenzaron el mi\u00e9rcoles 11 de julio en el Barrio Isla Gorostiague, ayer, jueves 12 continuaron en Barrio Zangrandi. Hoy, viernes 13 de julio, van a estar en el Polideportivo de Carmensa a partir de las 15:00h; el domingo 15 en Bowen; el mi\u00e9rcoles 17 de julio en Uni\u00f3n Vecinal La Marzolina y el viernes 20 en el polideportivo de Carmensa polideportivo, siempre a partir de las 15:00h.<\/p>\n<p>A partir del lunes 16 de julio y hasta el viernes 20, de 14:30 a 17:30h habr\u00e1 juegos, actividades recreativas y deportivas en el Polideportivo de Ciudad, destinadas a ni\u00f1os de 6 a 12 a\u00f1os y para que todos puedan asistir el colectivo municipal har\u00e1 un recorrido por todos los barrios como en la temporada de pileta, explic\u00f3 el Director de Deportes, Actividad F\u00edsica y Recreaci\u00f3n Jer\u00f3nimo Colla.<\/p>\n<p>Adem\u00e1s, habr\u00e1 juegos municipales de invierno para adolescentes a partir de las 17:30h, con \u00a0competencias de B\u00e1squet (tres por tres), V\u00f3ley (tres por tres), Tenis de mesa, Metegol, F\u00fatbol tenis. Quienes deseen participar podr\u00e1n inscribirse el lunes 16 de julio, las competencias tendr\u00e1n lugar desde el martes 17 hasta el viernes 20, cuando se realizar\u00e1n actividades diferentes para festejar el d\u00eda del amigo, especific\u00f3 el Director.<\/p>\n<p>Por su parte el Profesor Jorge P\u00e1ez brind\u00f3 informaci\u00f3n acerca del campeonato municipal de MTB, que constar\u00e1 de tres fechas, en las cuales se van a recorrer los distintos distritos de General Alvear. \u201cTenemos terrenos con muchas variantes, el primer circuito ser\u00e1 en El Trapal con calle, m\u00e9dano, senderos y lindo para la vista, el segundo en Alvear Oeste entre fincas y el Pueblo Luna y el tercer circuito de Rural Bike incluye Bowen-Carmensa-Bowen, es un poco m\u00e1s extenso. Asimismo, la gente puede asistir a cada una de las fechas, disfrutar y alentar a los corredores\u201d, concluy\u00f3.<\/p>\n<p><img loading=\"lazy\" decoding=\"async\" class=\"alignnone size-full wp-image-37686\" src=\"http:\/\/vinasfm.com\/noticias\/wp-content\/uploads\/2018\/07\/WhatsApp-Image-2018-07-13-at-11.25.30.jpeg\" alt=\"\" width=\"581\" height=\"1032\" srcset=\"https:\/\/vinasfm.com\/noticias\/wp-content\/uploads\/2018\/07\/WhatsApp-Image-2018-07-13-at-11.25.30.jpeg 581w, https:\/\/vinasfm.com\/noticias\/wp-content\/uploads\/2018\/07\/WhatsApp-Image-2018-07-13-at-11.25.30-169x300.jpeg 169w, https:\/\/vinasfm.com\/noticias\/wp-content\/uploads\/2018\/07\/WhatsApp-Image-2018-07-13-at-11.25.30-576x1024.jpeg 576w\" sizes=\"auto, (max-width: 581px) 100vw, 581px\" \/><\/p>\n<p>A.E<\/p>\n<\/div>\n","protected":false},"excerpt":{"rendered":"<p>Asi lo anunci\u00f3 el Director de Deportes, Actividad F\u00edsica y Recreaci\u00f3n de la Municipalidad de General Alvear, Jer\u00f3nimo Colla, donde en &#8230;<\/p>\n","protected":false},"author":5,"featured_media":37684,"comment_status":"open","ping_status":"open","sticky":false,"template":"","format":"standard","meta":{"footnotes":""},"categories":[1],"tags":[],"class_list":["post-37646","post","type-post","status-publish","format-standard","has-post-thumbnail","hentry","category-fmvinas"],"_links":{"self":[{"href":"https:\/\/vinasfm.com\/noticias\/wp-json\/wp\/v2\/posts\/37646","targetHints":{"allow":["GET"]}}],"collection":[{"href":"https:\/\/vinasfm.com\/noticias\/wp-json\/wp\/v2\/posts"}],"about":[{"href":"https:\/\/vinasfm.com\/noticias\/wp-json\/wp\/v2\/types\/post"}],"author":[{"embeddable":true,"href":"https:\/\/vinasfm.com\/noticias\/wp-json\/wp\/v2\/users\/5"}],"replies":[{"embeddable":true,"href":"https:\/\/vinasfm.com\/noticias\/wp-json\/wp\/v2\/comments?post=37646"}],"version-history":[{"count":2,"href":"https:\/\/vinasfm.com\/noticias\/wp-json\/wp\/v2\/posts\/37646\/revisions"}],"predecessor-version":[{"id":37687,"href":"https:\/\/vinasfm.com\/noticias\/wp-json\/wp\/v2\/posts\/37646\/revisions\/37687"}],"wp:featuredmedia":[{"embeddable":true,"href":"https:\/\/vinasfm.com\/noticias\/wp-json\/wp\/v2\/media\/37684"}],"wp:attachment":[{"href":"https:\/\/vinasfm.com\/noticias\/wp-json\/wp\/v2\/media?parent=37646"}],"wp:term":[{"taxonomy":"category","embeddable":true,"href":"https:\/\/vinasfm.com\/noticias\/wp-json\/wp\/v2\/categories?post=37646"},{"taxonomy":"post_tag","embeddable":true,"href":"https:\/\/vinasfm.com\/noticias\/wp-json\/wp\/v2\/tags?post=37646"}],"curies":[{"name":"wp","href":"https:\/\/api.w.org\/{rel}","templated":true}]}}