{"id":37454,"date":"2018-07-11T09:14:42","date_gmt":"2018-07-11T12:14:42","guid":{"rendered":"http:\/\/vinasfm.com\/noticias\/?p=37454"},"modified":"2018-07-11T09:14:42","modified_gmt":"2018-07-11T12:14:42","slug":"crecio-un-150-la-distribucion-de-anticonceptivos-en-hospitales-y-centros-de-salud","status":"publish","type":"post","link":"https:\/\/vinasfm.com\/noticias\/crecio-un-150-la-distribucion-de-anticonceptivos-en-hospitales-y-centros-de-salud\/","title":{"rendered":"CRECI\u00d3 UN 150% LA DISTRIBUCI\u00d3N DE ANTICONCEPTIVOS EN HOSPITALES Y CENTROS DE SALUD"},"content":{"rendered":"<p>As\u00ed lo anunci\u00f3 en el sitio oficial Prensa de Gobierno de Mendoza, donde el Ministerio de Salud resalt\u00f3 que en el primer semestre del 2018 creci\u00f3 enormemente la oferta de m\u00e9todos anticonceptivos que estar\u00e1n disponibles en hospitales y centros de salud de toda la provincia.<\/p>\n<p>Ya fueron distribuidas 449.122 unidades de m\u00e9todos anticonceptivos. Este incremento en la disponibilidad de preservativos, pastillas, e implantes se entregar\u00e1n a quienes lo requieran y se sostiene en el marco de pol\u00edticas p\u00fablicas de salud sexual y reproductiva que lleva adelante la cartera sanitaria, d\u00f3nde en el primer semestre del 2018 fueron entregados a instituciones p\u00fablicas 302976 preservativos.<\/p>\n<p>Uno de los datos m\u00e1s llamativos es que en lo que va del 2018 se distribuyen en m\u00e1s de 10.000 unidades de anticonceptivos de emergencia conocidos como \u00abla pastilla del d\u00eda despu\u00e9s\u00bb, que\u00a0aumentaron m\u00e1s del 800% en 2017 respecto del 2016.<\/p>\n<p>Debido a esto, la coordinadora del programa de salud sexual y reproductiva Roxana Cabrera, manifest\u00f3 que este aumento en la disponibilidad de m\u00e9todos anticonceptivos se debe a un mayor presupuesto para adquirir esos productos, por lo que se ha incrementado la cantidad de insumos a trav\u00e9s de la Naci\u00f3n, y adem\u00e1s porque la provincia aument\u00f3 la compra de preservativos, implantes, inyectables y pastillas.<\/p>\n<p>Para ello se est\u00e1 realizando tambi\u00e9n un trabajo de terreno sustentando de capacitaciones a los equipos de salud y la realizaci\u00f3n de talleres en comunidades, donde se le pone \u00e9nfasis a los adolescentes con una formaci\u00f3n continua y tambi\u00e9n para docentes que ense\u00f1an educaci\u00f3n sexual integral, en forma conjunta con la Direcci\u00f3n General de Escuelas y el Ministerio de salud de la Naci\u00f3n.<\/p>\n<p>A.E<\/p>\n","protected":false},"excerpt":{"rendered":"<p>As\u00ed lo anunci\u00f3 en el sitio oficial Prensa de Gobierno de Mendoza, donde el Ministerio de Salud resalt\u00f3 que en el &#8230;<\/p>\n","protected":false},"author":5,"featured_media":37455,"comment_status":"open","ping_status":"open","sticky":false,"template":"","format":"standard","meta":{"footnotes":""},"categories":[5,15],"tags":[],"class_list":["post-37454","post","type-post","status-publish","format-standard","has-post-thumbnail","hentry","category-actualidad","category-salud"],"_links":{"self":[{"href":"https:\/\/vinasfm.com\/noticias\/wp-json\/wp\/v2\/posts\/37454","targetHints":{"allow":["GET"]}}],"collection":[{"href":"https:\/\/vinasfm.com\/noticias\/wp-json\/wp\/v2\/posts"}],"about":[{"href":"https:\/\/vinasfm.com\/noticias\/wp-json\/wp\/v2\/types\/post"}],"author":[{"embeddable":true,"href":"https:\/\/vinasfm.com\/noticias\/wp-json\/wp\/v2\/users\/5"}],"replies":[{"embeddable":true,"href":"https:\/\/vinasfm.com\/noticias\/wp-json\/wp\/v2\/comments?post=37454"}],"version-history":[{"count":1,"href":"https:\/\/vinasfm.com\/noticias\/wp-json\/wp\/v2\/posts\/37454\/revisions"}],"predecessor-version":[{"id":37456,"href":"https:\/\/vinasfm.com\/noticias\/wp-json\/wp\/v2\/posts\/37454\/revisions\/37456"}],"wp:featuredmedia":[{"embeddable":true,"href":"https:\/\/vinasfm.com\/noticias\/wp-json\/wp\/v2\/media\/37455"}],"wp:attachment":[{"href":"https:\/\/vinasfm.com\/noticias\/wp-json\/wp\/v2\/media?parent=37454"}],"wp:term":[{"taxonomy":"category","embeddable":true,"href":"https:\/\/vinasfm.com\/noticias\/wp-json\/wp\/v2\/categories?post=37454"},{"taxonomy":"post_tag","embeddable":true,"href":"https:\/\/vinasfm.com\/noticias\/wp-json\/wp\/v2\/tags?post=37454"}],"curies":[{"name":"wp","href":"https:\/\/api.w.org\/{rel}","templated":true}]}}