{"id":37451,"date":"2018-07-11T08:59:15","date_gmt":"2018-07-11T11:59:15","guid":{"rendered":"http:\/\/vinasfm.com\/noticias\/?p=37451"},"modified":"2018-07-11T10:55:43","modified_gmt":"2018-07-11T13:55:43","slug":"para-los-amantes-del-folclore-llega-a-general-alvear-tupa-noy","status":"publish","type":"post","link":"https:\/\/vinasfm.com\/noticias\/para-los-amantes-del-folclore-llega-a-general-alvear-tupa-noy\/","title":{"rendered":"PARA LOS AMANTES DEL FOLCLORE LLEGA A GENERAL ALVEAR \u00abTUPA NOY\u00bb"},"content":{"rendered":"<p>Con lo mejor del Folclore Litorale\u00f1o, este viernes 13 de julio en Cine Teatro Antonio Lafalla<\/p>\n<p>Tupa Noy ya ha recorrido 20 provincias argentinas llegando hasta la ciudad mas austral del mundo \u00abUsuahia\u00bb, ademas de pa\u00edses como Paraguay, Brasil, Uruguay, Alemania, Suiza y B\u00e9lgica.<\/p>\n<p>\u00abEl 24 de Noviembre de 1991 nos dirig\u00edamos hacia una bailanta para tocar como grupo, en ese entonces llamado \u00abJuan Domingo Souza y su conjunto\u00bb el cual estaba co<span class=\"text_exposed_show\">mpuesto por: M\u00f3nica Souza en la voz, Dar\u00edo Souza en el acorde\u00f3n, Alfredo Balmaceda en 1\u00ba Guitarra y voz y Juan Domingo Souza en al guitarra base.<br \/>\nEl chofer que nos conduc\u00eda atraves\u00f3 una barrera baja provocando que el tren de la l\u00ednea Sarmiento nos embistiera y arrastrara por mas de 50 metros.Cuando los bomberos vinieron a sacar cad\u00e1veres se encontraron con la incre\u00edble sorpresa de que las 5 personas que nos encontr\u00e1bamos debajo de las rueda del tren milagrosamente est\u00e1bamos con vida. A partir de esa noche en gratitud a Dios por habernos salvado de aquel gigante de hierro y darnos una nueva oportunidad, una nueva vida; decidimos cambiar el nombre al grupo el cual paso a llamarse \u00abTUPA NOY\u00bb que en guaran\u00ed significa BENDICI\u00d3N DE DIOS; y seguir haciendo este genero musical que amamos pero con un mensaje totalmente diferente, un mensaje que habla de amor, de paz, de esperanza en Dios, de valores ya perdidos en estos tiempos, como la familia.\u00bb explicaron desde la banda.<\/span><\/p>\n<p>Hoy en d\u00eda el grupo Tupa Noy esta compuesto por una familia,3 generaciones de m\u00fasicos:<br \/>\nVoz: M\u00f3nica Souza<br \/>\nAcorde\u00f3n: Dar\u00edo Souza<span class=\"text_exposed_show\"><br \/>\nAcorde\u00f3n: Adriel Balmaceda<br \/>\nBandoneon, acordeon y voz: Genaro Souza<br \/>\n1\u00ba Guitarra y voz: Alfredo Balmaceda<br \/>\nGuitarra base: Juan Domingo Souza<br \/>\nBajo: Mar\u00eda Souza<br \/>\nSapucay: Noelia Souza<\/span><\/p>\n","protected":false},"excerpt":{"rendered":"<p>Con lo mejor del Folclore Litorale\u00f1o, este viernes 13 de julio en Cine Teatro Antonio Lafalla Tupa Noy ya ha recorrido &#8230;<\/p>\n","protected":false},"author":5,"featured_media":37452,"comment_status":"open","ping_status":"open","sticky":false,"template":"","format":"standard","meta":{"footnotes":""},"categories":[5,10],"tags":[],"class_list":["post-37451","post","type-post","status-publish","format-standard","has-post-thumbnail","hentry","category-actualidad","category-destacadas"],"_links":{"self":[{"href":"https:\/\/vinasfm.com\/noticias\/wp-json\/wp\/v2\/posts\/37451","targetHints":{"allow":["GET"]}}],"collection":[{"href":"https:\/\/vinasfm.com\/noticias\/wp-json\/wp\/v2\/posts"}],"about":[{"href":"https:\/\/vinasfm.com\/noticias\/wp-json\/wp\/v2\/types\/post"}],"author":[{"embeddable":true,"href":"https:\/\/vinasfm.com\/noticias\/wp-json\/wp\/v2\/users\/5"}],"replies":[{"embeddable":true,"href":"https:\/\/vinasfm.com\/noticias\/wp-json\/wp\/v2\/comments?post=37451"}],"version-history":[{"count":1,"href":"https:\/\/vinasfm.com\/noticias\/wp-json\/wp\/v2\/posts\/37451\/revisions"}],"predecessor-version":[{"id":37477,"href":"https:\/\/vinasfm.com\/noticias\/wp-json\/wp\/v2\/posts\/37451\/revisions\/37477"}],"wp:featuredmedia":[{"embeddable":true,"href":"https:\/\/vinasfm.com\/noticias\/wp-json\/wp\/v2\/media\/37452"}],"wp:attachment":[{"href":"https:\/\/vinasfm.com\/noticias\/wp-json\/wp\/v2\/media?parent=37451"}],"wp:term":[{"taxonomy":"category","embeddable":true,"href":"https:\/\/vinasfm.com\/noticias\/wp-json\/wp\/v2\/categories?post=37451"},{"taxonomy":"post_tag","embeddable":true,"href":"https:\/\/vinasfm.com\/noticias\/wp-json\/wp\/v2\/tags?post=37451"}],"curies":[{"name":"wp","href":"https:\/\/api.w.org\/{rel}","templated":true}]}}