{"id":37126,"date":"2018-07-05T08:57:28","date_gmt":"2018-07-05T11:57:28","guid":{"rendered":"http:\/\/vinasfm.com\/noticias\/?p=37126"},"modified":"2018-07-05T08:57:28","modified_gmt":"2018-07-05T11:57:28","slug":"tras-la-confirmacion-del-caso-de-gripe-a-en-alvear-como-cuidarse-de-las-infecciones-respiratorias","status":"publish","type":"post","link":"https:\/\/vinasfm.com\/noticias\/tras-la-confirmacion-del-caso-de-gripe-a-en-alvear-como-cuidarse-de-las-infecciones-respiratorias\/","title":{"rendered":"TRAS LA CONFIRMACI\u00d3N DEL CASO DE GRIPE A EN ALVEAR, C\u00d3MO CUIDARSE DE LAS INFECCIONES RESPIRATORIAS"},"content":{"rendered":"<p>Desde el Ministerio de Salud, Desarrollo Social y Deportes se llam\u00f3 a la vacunaci\u00f3n de los grupos de riesgo y brind\u00f3 otras recomendaciones.<\/p>\n<p>Actualmente, las\u00a0gripes A (H1 N1)\u00a0son consideradas\u00a0enfermedades estacionales, propias de la \u00e9poca.<\/p>\n<p>Se sabe que en invierno, la gripe reaparece y es normal el aumento de casos. Esta dolencia se transmite por contacto con secreciones de personas infectadas a trav\u00e9s de las gotitas que se diseminan al toser o estornudar y de superficies u objetos contaminados con estas secreciones.<\/p>\n<p>Adem\u00e1s, otras de las recomendaciones a tener en cuenta son: al toser o estornudar, cubrirse la boca y la nariz con el brazo, lavarse las manos de forma frecuente, mantener los ambientes limpios y ventilados.<\/p>\n<p>\u201cLa influenza o llamada gripe A, como todos los a\u00f1os, hace varios meses que est\u00e1 circulando. Hay varios casos en todo el pa\u00eds, y en Mendoza tambi\u00e9n han aparecido algunos casos pero no tienen mayor trascendencia. Este nuevo caso no llama la atenci\u00f3n. Apareci\u00f3 en General Alvear, es una paciente que apareci\u00f3 por consultorio externo y alg\u00fan m\u00e9dico pidi\u00f3 una muestra para el diagn\u00f3stico y confirm\u00f3 que era una influenza, pero no tiene mayor trascendencia, la ni\u00f1a est\u00e1 en su domicilio en buen estado\u201d, sostuvo Gonzalo Vera Bello, jefe del departamento de Epidemiolog\u00eda de la Provincia.<\/p>\n<p><strong>\u00bfQui\u00e9nes deben aplicarse la vacuna antigripal?<\/strong><\/p>\n<p>Los integrantes de los siguientes grupos (que tienen mayor riesgo de sufrir complicaciones por la gripe) deben recibir la vacuna antigripal todos los a\u00f1os:<\/p>\n<ul>\n<li>Todos los trabajadores de la salud.<\/li>\n<li>Todas las mujeres embarazadas, en cualquier momento de la gestaci\u00f3n.<\/li>\n<li>Todas las mujeres que tienen beb\u00e9s menores de 6 meses.<\/li>\n<li>Todos los ni\u00f1os entre 6 meses y 24 meses inclusive deben recibir 2 dosis, con un intervalo m\u00ednimo de cuatro semanas.<\/li>\n<li>Ni\u00f1os y adultos que tienen entre 2 y 64 a\u00f1os con enfermedades cr\u00f3nicas (respiratorias, card\u00edacas, renales, diabetes, obesidad m\u00f3rbida), con receta m\u00e9dica. En el caso de los ni\u00f1os de 2 a 8 a\u00f1os inclusive que se vacunan por primera vez contra la gripe, deben recibir 2 dosis con un intervalo m\u00ednimo de cuatro semanas.<\/li>\n<li>Personas mayores de 65 a\u00f1os.<\/li>\n<\/ul>\n<p>Esta vacuna, incorporada a partir de 2011 al Calendario Nacional de Vacunaci\u00f3n de los grupos de riesgo para la gripe, se brinda\u00a0gratuitamente en hospitales y centros de salud p\u00fablicos de toda la provincia.<\/p>\n<p><strong>Cuidados para evitar enfermarse y transmitir la gripe<\/strong><\/p>\n<ul>\n<li>Lavarse frecuentemente las manos con agua y jab\u00f3n.<\/li>\n<li>Al toser o estornudar, cubrirse la boca y nariz con un pa\u00f1uelo descartable o con el \u00e1ngulo interno del codo.<\/li>\n<li>Tirar a la basura los pa\u00f1uelos descartables inmediatamente despu\u00e9s de usarlos.<\/li>\n<li>Ventilar los ambientes y permitir la entrada de sol en casas y otros ambientes cerrados.<\/li>\n<li>Mantener limpios picaportes y objetos de uso com\u00fan.<\/li>\n<li>No compartir cubiertos ni vasos.<\/li>\n<li>Ense\u00f1ar a los ni\u00f1os a lavarse frecuentemente las manos en la escuela y hogar.<\/li>\n<\/ul>\n<p><strong>\u00bfQu\u00e9 hacer ante los s\u00edntomas de la gripe?<\/strong><\/p>\n<ul>\n<li>Consultar al m\u00e9dico lo antes posible.<\/li>\n<li>Permanecer en casa durante una semana, haciendo reposo.<\/li>\n<li>Tomar mucho l\u00edquido.<\/li>\n<li>No automedicarse.<\/li>\n<li>Cubrirse la nariz y la boca al estornudar o toser.<\/li>\n<li>Lavarse frecuentemente las manos.<\/li>\n<li>Evitar el contacto con otras personas.<\/li>\n<li>Ventilar bien los ambientes.<\/li>\n<li>No compartir alimentos, bebidas, vasos ni cubiertos.<\/li>\n<li>Limpiar las superficies y objetos que se tocan con agua y detergente o alcohol.<\/li>\n<\/ul>\n<p>A.E<\/p>\n<p>&nbsp;<\/p>\n","protected":false},"excerpt":{"rendered":"<p>Desde el Ministerio de Salud, Desarrollo Social y Deportes se llam\u00f3 a la vacunaci\u00f3n de los grupos de riesgo y brind\u00f3 &#8230;<\/p>\n","protected":false},"author":5,"featured_media":37127,"comment_status":"open","ping_status":"open","sticky":false,"template":"","format":"standard","meta":{"footnotes":""},"categories":[5,15],"tags":[],"class_list":["post-37126","post","type-post","status-publish","format-standard","has-post-thumbnail","hentry","category-actualidad","category-salud"],"_links":{"self":[{"href":"https:\/\/vinasfm.com\/noticias\/wp-json\/wp\/v2\/posts\/37126","targetHints":{"allow":["GET"]}}],"collection":[{"href":"https:\/\/vinasfm.com\/noticias\/wp-json\/wp\/v2\/posts"}],"about":[{"href":"https:\/\/vinasfm.com\/noticias\/wp-json\/wp\/v2\/types\/post"}],"author":[{"embeddable":true,"href":"https:\/\/vinasfm.com\/noticias\/wp-json\/wp\/v2\/users\/5"}],"replies":[{"embeddable":true,"href":"https:\/\/vinasfm.com\/noticias\/wp-json\/wp\/v2\/comments?post=37126"}],"version-history":[{"count":1,"href":"https:\/\/vinasfm.com\/noticias\/wp-json\/wp\/v2\/posts\/37126\/revisions"}],"predecessor-version":[{"id":37128,"href":"https:\/\/vinasfm.com\/noticias\/wp-json\/wp\/v2\/posts\/37126\/revisions\/37128"}],"wp:featuredmedia":[{"embeddable":true,"href":"https:\/\/vinasfm.com\/noticias\/wp-json\/wp\/v2\/media\/37127"}],"wp:attachment":[{"href":"https:\/\/vinasfm.com\/noticias\/wp-json\/wp\/v2\/media?parent=37126"}],"wp:term":[{"taxonomy":"category","embeddable":true,"href":"https:\/\/vinasfm.com\/noticias\/wp-json\/wp\/v2\/categories?post=37126"},{"taxonomy":"post_tag","embeddable":true,"href":"https:\/\/vinasfm.com\/noticias\/wp-json\/wp\/v2\/tags?post=37126"}],"curies":[{"name":"wp","href":"https:\/\/api.w.org\/{rel}","templated":true}]}}