{"id":370,"date":"2015-05-09T10:29:10","date_gmt":"2015-05-09T13:29:10","guid":{"rendered":"http:\/\/vinasfm.com\/noticias\/?p=370"},"modified":"2015-06-22T10:11:57","modified_gmt":"2015-06-22T13:11:57","slug":"el-primer-gobernador-que-no-va-al-almuerzo","status":"publish","type":"post","link":"https:\/\/vinasfm.com\/noticias\/el-primer-gobernador-que-no-va-al-almuerzo\/","title":{"rendered":"El primer gobernador que no va al almuerzo"},"content":{"rendered":"<p><strong><br \/>\nEl gobernador Francisco P\u00e9rez asisti\u00f3 a General Alvear, y se reuni\u00f3 con el intendente Juan Carlos De Paolo. La visita se da en el marco de la Fiesta de la Gander\u00eda, a la que el mandatario anunci\u00f3 que por primera vez en 35 a\u00f1os no asistir\u00e1.<\/strong><\/p>\n<p>El ministro de Agroindustria, Marcelo Costa dijo que el gobernador para poder ir al almuerzo deb\u00eda destinar m\u00e1s de un mill\u00f3n y medio de pesos en conceptos de financiaci\u00f3n de los actos institucionales durante el evento, pero P\u00e9rez tom\u00f3 la decisi\u00f3n de destinarlos a la construcci\u00f3n de un chacinado.<br \/>\nEl mandatario provincial anunci\u00f3 que se tomaron \u00abdecisiones pol\u00edticas\u00bb para General Alvear. \u00abNo me he caracterizado por hablar de m\u00e1s, sino por hacer\u00bb, apunt\u00f3 P\u00e9rez.<br \/>\n\u00abEn primer lugar, firmando el contrato de inicio de obra para comenzar con la obra de gas natural en el Distrito Carmensa, por m\u00e1s de 20 millones de pesos\u00bb.<br \/>\nAdem\u00e1s, el Gobernador inform\u00f3 que se avanzar\u00e1 con la construcci\u00f3n de la Casa de la Cultura por 5 millones de pesos, y \u00aba pedido de la direcci\u00f3n de Ganader\u00eda\u00bb, se entregar\u00e1 1 mill\u00f3n y medio de pesos para la construcci\u00f3n de una f\u00e1brica de chacinados que se va a integrar al matadero municipal\u00bb.<br \/>\nPor otro lado, P\u00e9rez aprovech\u00f3 para desmentir rumores en cuanto a una posible reforma de la Ley de Aguas: \u00abLo \u00fanico que hice fue enviar un proyecto de Ley a la C\u00e1mara de Diputados para capitalizar el Fondo de la Transformaci\u00f3n y Crecimiento con 500 millones de pesos este a\u00f1o y 500 millones de pesos para el a\u00f1o que viene, destinado a la Construcci\u00f3n de reservorios de agua y a la tecnificaci\u00f3n de riego de toda la Provincia, priorizando a los peque\u00f1os productores\u00bb.<br \/>\n\u00abSabemos que la vida de Mendoza depende de cinco r\u00edos: Mendoza, Tunuy\u00e1n, Atuel, Diamante y Grande y queremos decir que vamos por el quinto a\u00f1o de crisis h\u00eddrica y el 90% del consumo del recurso es para riego\u00bb, en ese contexto, el mandatario se comprometi\u00f3 a tecnificar el riego y adaptarla a los ciclos productivos.<br \/>\nFinalmente, P\u00e9rez anunci\u00f3 que De Paolo don\u00f3 un terreno para que se instalen dos viviendas industrializadas en las que se instalar\u00e1 Gendarmer\u00eda en la zona.<\/p>\n<p>Fuente Mdz<\/p>\n","protected":false},"excerpt":{"rendered":"<p>El gobernador Francisco P\u00e9rez asisti\u00f3 a General Alvear, y se reuni\u00f3 con el intendente Juan Carlos De Paolo. La visita se &#8230;<\/p>\n","protected":false},"author":5,"featured_media":371,"comment_status":"open","ping_status":"open","sticky":false,"template":"","format":"standard","meta":{"footnotes":""},"categories":[7],"tags":[],"class_list":["post-370","post","type-post","status-publish","format-standard","has-post-thumbnail","hentry","category-politica"],"_links":{"self":[{"href":"https:\/\/vinasfm.com\/noticias\/wp-json\/wp\/v2\/posts\/370","targetHints":{"allow":["GET"]}}],"collection":[{"href":"https:\/\/vinasfm.com\/noticias\/wp-json\/wp\/v2\/posts"}],"about":[{"href":"https:\/\/vinasfm.com\/noticias\/wp-json\/wp\/v2\/types\/post"}],"author":[{"embeddable":true,"href":"https:\/\/vinasfm.com\/noticias\/wp-json\/wp\/v2\/users\/5"}],"replies":[{"embeddable":true,"href":"https:\/\/vinasfm.com\/noticias\/wp-json\/wp\/v2\/comments?post=370"}],"version-history":[{"count":1,"href":"https:\/\/vinasfm.com\/noticias\/wp-json\/wp\/v2\/posts\/370\/revisions"}],"predecessor-version":[{"id":372,"href":"https:\/\/vinasfm.com\/noticias\/wp-json\/wp\/v2\/posts\/370\/revisions\/372"}],"wp:featuredmedia":[{"embeddable":true,"href":"https:\/\/vinasfm.com\/noticias\/wp-json\/wp\/v2\/media\/371"}],"wp:attachment":[{"href":"https:\/\/vinasfm.com\/noticias\/wp-json\/wp\/v2\/media?parent=370"}],"wp:term":[{"taxonomy":"category","embeddable":true,"href":"https:\/\/vinasfm.com\/noticias\/wp-json\/wp\/v2\/categories?post=370"},{"taxonomy":"post_tag","embeddable":true,"href":"https:\/\/vinasfm.com\/noticias\/wp-json\/wp\/v2\/tags?post=370"}],"curies":[{"name":"wp","href":"https:\/\/api.w.org\/{rel}","templated":true}]}}