{"id":36550,"date":"2018-06-22T10:46:55","date_gmt":"2018-06-22T13:46:55","guid":{"rendered":"http:\/\/vinasfm.com\/noticias\/?p=36550"},"modified":"2018-06-22T10:46:55","modified_gmt":"2018-06-22T13:46:55","slug":"la-importancia-del-frio-y-de-realizar-una-buena-poda-en-el-agro","status":"publish","type":"post","link":"https:\/\/vinasfm.com\/noticias\/la-importancia-del-frio-y-de-realizar-una-buena-poda-en-el-agro\/","title":{"rendered":"LA IMPORTANCIA DEL FR\u00cdO Y DE REALIZAR UNA BUENA PODA EN EL AGRO"},"content":{"rendered":"<p>Leandro Silvestre, Ingeniero Agr\u00f3nomo de la Direcci\u00f3n de Agricultura de la Municipalidad, estuvo en contacto con Fm Vi\u00f1as, e inform\u00f3 acerca de las medidas que hay que tener en cuenta a la hora de realizar la poda evitar costos innecesarios y que la misma se puede hacer con una calidad acord\u00e9 a las necesidades propias de cada planta.<\/p>\n<p>Con respecto a la mano de obra manifest\u00f3 que esto es algo que desde hace varios a\u00f1os viene siendo una complicaci\u00f3n para esta tarea y cualquier otra que se realice en el agro. Si bien hasta para la cosecha se necesita mano de obra calificada, el que realiza la tarea de poda debe ser una persona criterios a la hora de realizarla.<\/p>\n<p>Para eso tiene que ser gente capacitada y lamentablemente en el sector hay muchos casos de poda que la realiza personal no calificado y de ah\u00ed la importancia tanto para el productor como la mano de obra que va a utilizar el productor.<\/p>\n<p>Hay muchas instituciones donde el productor puede disponer de asesoramiento gratuito y es fundamental que productores este asesorado y que tengan un buen criterio a la hora de realizar la poda y las dem\u00e1s labores en el agro.<\/p>\n<p>\u201cHoy sobre todo por lo dif\u00edcil de la situaci\u00f3n \u00a0en cuanto a costos de producci\u00f3n que cada vez son m\u00e1s altos y un error que se cometa significa plata que se est\u00e1 manejando y perdiendo y todo repercute en la calidad y cantidad de la fruta para la cosecha venidera. Con respecto a la acumulaci\u00f3n de fr\u00edo las primeras heladas han sido no muy buenas para lo que son algunas verduras lo que hizo que se congelara la planta, pero en el mes de junio ha sido bastante altas. Aunque reci\u00e9n fines de Julio donde se hace el conteo de las horas de fr\u00edo pero para las dem\u00e1s variedades de plantas como lo son los frutales es bastante positivo. Por lo que se espera que contin\u00faen as\u00ed para poder tener una cosecha bastante pr\u00f3spera y que el productor pueda hacerle frente a los gastos que ha venido teniendo a lo largo del a\u00f1o\u201d, sostuvo el Ingeniero Agr\u00f3nomo.<\/p>\n<p>A.E<\/p>\n","protected":false},"excerpt":{"rendered":"<p>Leandro Silvestre, Ingeniero Agr\u00f3nomo de la Direcci\u00f3n de Agricultura de la Municipalidad, estuvo en contacto con Fm Vi\u00f1as, e inform\u00f3 acerca &#8230;<\/p>\n","protected":false},"author":5,"featured_media":36533,"comment_status":"open","ping_status":"open","sticky":false,"template":"","format":"standard","meta":{"footnotes":""},"categories":[5,14],"tags":[],"class_list":["post-36550","post","type-post","status-publish","format-standard","has-post-thumbnail","hentry","category-actualidad","category-agro"],"_links":{"self":[{"href":"https:\/\/vinasfm.com\/noticias\/wp-json\/wp\/v2\/posts\/36550","targetHints":{"allow":["GET"]}}],"collection":[{"href":"https:\/\/vinasfm.com\/noticias\/wp-json\/wp\/v2\/posts"}],"about":[{"href":"https:\/\/vinasfm.com\/noticias\/wp-json\/wp\/v2\/types\/post"}],"author":[{"embeddable":true,"href":"https:\/\/vinasfm.com\/noticias\/wp-json\/wp\/v2\/users\/5"}],"replies":[{"embeddable":true,"href":"https:\/\/vinasfm.com\/noticias\/wp-json\/wp\/v2\/comments?post=36550"}],"version-history":[{"count":1,"href":"https:\/\/vinasfm.com\/noticias\/wp-json\/wp\/v2\/posts\/36550\/revisions"}],"predecessor-version":[{"id":36551,"href":"https:\/\/vinasfm.com\/noticias\/wp-json\/wp\/v2\/posts\/36550\/revisions\/36551"}],"wp:featuredmedia":[{"embeddable":true,"href":"https:\/\/vinasfm.com\/noticias\/wp-json\/wp\/v2\/media\/36533"}],"wp:attachment":[{"href":"https:\/\/vinasfm.com\/noticias\/wp-json\/wp\/v2\/media?parent=36550"}],"wp:term":[{"taxonomy":"category","embeddable":true,"href":"https:\/\/vinasfm.com\/noticias\/wp-json\/wp\/v2\/categories?post=36550"},{"taxonomy":"post_tag","embeddable":true,"href":"https:\/\/vinasfm.com\/noticias\/wp-json\/wp\/v2\/tags?post=36550"}],"curies":[{"name":"wp","href":"https:\/\/api.w.org\/{rel}","templated":true}]}}