{"id":362,"date":"2015-05-08T15:11:45","date_gmt":"2015-05-08T18:11:45","guid":{"rendered":"http:\/\/vinasfm.com\/noticias\/?p=362"},"modified":"2015-05-08T15:11:45","modified_gmt":"2015-05-08T18:11:45","slug":"un-remate-record","status":"publish","type":"post","link":"https:\/\/vinasfm.com\/noticias\/un-remate-record\/","title":{"rendered":"Un remate r\u00e9cord"},"content":{"rendered":"<p>En el tercer d\u00eda de la Fiesta Nacional de la Ganader\u00eda de Zonas \u00c1ridas se desarroll\u00f3 el tradicional remate ganadero con un r\u00e9cord en la cantidad de hacienda, superando las 2000 cabezas.<\/p>\n<p>Cerca del mediod\u00eda alvearense comenz\u00f3 la apertura del acto el primer discurso estuvo a cargo de Silvio Huerta quien preside la Espec\u00edfica de Ganader\u00eda de la C\u00e1mara de Comercio del departamento. Sus palabras estuvieron enfocadas en marcar las deficiencias que sufre la producci\u00f3n ganadera, \u201cen nuestro pa\u00eds, se subestima la importancia productiva de la zona \u00e1rida, la cual es el habitad natural para los rumiantes. Nuestra Fiesta naci\u00f3 con este esp\u00edritu pero lamentablemente estamos en el Siglo 21 y producimos con tecnolog\u00edas e infraestructura del Siglo 19\u201d remarc\u00f3 el dirigente alvearense.<\/p>\n<p>La contraparte del discurso de la C\u00e1mara de Comercio fueron las palabras Juan Manuel Tejada Director Provincial de Ganader\u00eda que destac\u00f3 las pol\u00edticas p\u00fablicas realizadas desde el gobierno.<\/p>\n<p>Tejada subray\u00f3 las bondades del plan vaca y plan toro \u201cnos pone en la vanguardia de la ganader\u00eda de zonas \u00e1ridas\u201d dijo.<br \/>\nAdem\u00e1s indic\u00f3 que desde el 2007 a la fecha se ha triplicado el n\u00famero de animales en nuestra provincia llegando a 250.000 cabezas en la \u00faltima campa\u00f1a. As\u00ed como el aumento significativo del n\u00famero de bovinos faenados, superando las 3000.000 cabezas. <\/p>\n<p>En el tramo final del acto ganadero se entregaron los premios a la jura paralela a las escuelas agrot\u00e9cnicas quienes trabajan a la par del jurado mayor, el primer premio fue para la escuela Aida Font del departamento de La Paz.<\/p>\n<p>El gran ganador en el rubro ganadero fue Esteban Perfumo del establecimiento \u201cLa Sof\u00eda\u201d quien se alz\u00f3 con el premio mayor al Gran Campe\u00f3n Universal. <\/p>\n","protected":false},"excerpt":{"rendered":"<p>En el tercer d\u00eda de la Fiesta Nacional de la Ganader\u00eda de Zonas \u00c1ridas se desarroll\u00f3 el tradicional remate ganadero con &#8230;<\/p>\n","protected":false},"author":5,"featured_media":363,"comment_status":"open","ping_status":"open","sticky":false,"template":"","format":"standard","meta":{"footnotes":""},"categories":[10],"tags":[],"class_list":["post-362","post","type-post","status-publish","format-standard","has-post-thumbnail","hentry","category-destacadas"],"_links":{"self":[{"href":"https:\/\/vinasfm.com\/noticias\/wp-json\/wp\/v2\/posts\/362","targetHints":{"allow":["GET"]}}],"collection":[{"href":"https:\/\/vinasfm.com\/noticias\/wp-json\/wp\/v2\/posts"}],"about":[{"href":"https:\/\/vinasfm.com\/noticias\/wp-json\/wp\/v2\/types\/post"}],"author":[{"embeddable":true,"href":"https:\/\/vinasfm.com\/noticias\/wp-json\/wp\/v2\/users\/5"}],"replies":[{"embeddable":true,"href":"https:\/\/vinasfm.com\/noticias\/wp-json\/wp\/v2\/comments?post=362"}],"version-history":[{"count":1,"href":"https:\/\/vinasfm.com\/noticias\/wp-json\/wp\/v2\/posts\/362\/revisions"}],"predecessor-version":[{"id":364,"href":"https:\/\/vinasfm.com\/noticias\/wp-json\/wp\/v2\/posts\/362\/revisions\/364"}],"wp:featuredmedia":[{"embeddable":true,"href":"https:\/\/vinasfm.com\/noticias\/wp-json\/wp\/v2\/media\/363"}],"wp:attachment":[{"href":"https:\/\/vinasfm.com\/noticias\/wp-json\/wp\/v2\/media?parent=362"}],"wp:term":[{"taxonomy":"category","embeddable":true,"href":"https:\/\/vinasfm.com\/noticias\/wp-json\/wp\/v2\/categories?post=362"},{"taxonomy":"post_tag","embeddable":true,"href":"https:\/\/vinasfm.com\/noticias\/wp-json\/wp\/v2\/tags?post=362"}],"curies":[{"name":"wp","href":"https:\/\/api.w.org\/{rel}","templated":true}]}}