{"id":359,"date":"2015-05-08T12:51:21","date_gmt":"2015-05-08T15:51:21","guid":{"rendered":"http:\/\/vinasfm.com\/noticias\/?p=359"},"modified":"2015-12-30T10:47:49","modified_gmt":"2015-12-30T13:47:49","slug":"el-outlet-de-vinos-del-inv-llego-a-la-fiesta-de-la-ganaderia","status":"publish","type":"post","link":"https:\/\/vinasfm.com\/noticias\/el-outlet-de-vinos-del-inv-llego-a-la-fiesta-de-la-ganaderia\/","title":{"rendered":"El Outlet de Vinos del INV lleg\u00f3 a la Fiesta de la Ganader\u00eda"},"content":{"rendered":"<p><strong>Un gran n\u00famero de bodegas alvearenses est\u00e1n comercializando sus productos a precio mayorista.<br \/>\n<\/strong><\/p>\n<p>El Instituto Nacional de Vitivinicultura est\u00e1 realizando una edici\u00f3n especial del Outlet de Vinos en la 34\u00ba Fiesta Nacional de la Ganader\u00eda de Zonas \u00c1ridas en General Alvear.<\/p>\n<p>Un gran n\u00famero de bodegas alvearenses est\u00e1n comercializando sus productos a precio mayorista. Esta es una excelente oportunidad para adquirir y degustar vinos de nuestra importante zona vitivin\u00edcola a precios inigualables.<\/p>\n<p>El Outlet de Vinos se puede visitar hasta el domingo 10 de mayo, de 20:00hs a 24:00hs en la Carpa Amarilla de la Feria de le la Ganader\u00eda.<\/p>\n<p><strong>Est\u00e1n presentes las siguientes bodegas:<\/strong><\/p>\n<p>Jorge Rubio Vinos de Autor<\/p>\n<p>Bodega Familia Martinez Croce<\/p>\n<p>Bodega Boutique Martinez-Ghio<\/p>\n<p>Cavas del Artesano<\/p>\n<p>Coop. Alvear Ltda.<\/p>\n<p>Bodega Familia Anaya<\/p>\n<p>Coop. La Bowense<\/p>\n","protected":false},"excerpt":{"rendered":"<p>Un gran n\u00famero de bodegas alvearenses est\u00e1n comercializando sus productos a precio mayorista. El Instituto Nacional de Vitivinicultura est\u00e1 realizando una &#8230;<\/p>\n","protected":false},"author":5,"featured_media":360,"comment_status":"open","ping_status":"open","sticky":false,"template":"","format":"standard","meta":{"footnotes":""},"categories":[5],"tags":[],"class_list":["post-359","post","type-post","status-publish","format-standard","has-post-thumbnail","hentry","category-actualidad"],"_links":{"self":[{"href":"https:\/\/vinasfm.com\/noticias\/wp-json\/wp\/v2\/posts\/359","targetHints":{"allow":["GET"]}}],"collection":[{"href":"https:\/\/vinasfm.com\/noticias\/wp-json\/wp\/v2\/posts"}],"about":[{"href":"https:\/\/vinasfm.com\/noticias\/wp-json\/wp\/v2\/types\/post"}],"author":[{"embeddable":true,"href":"https:\/\/vinasfm.com\/noticias\/wp-json\/wp\/v2\/users\/5"}],"replies":[{"embeddable":true,"href":"https:\/\/vinasfm.com\/noticias\/wp-json\/wp\/v2\/comments?post=359"}],"version-history":[{"count":1,"href":"https:\/\/vinasfm.com\/noticias\/wp-json\/wp\/v2\/posts\/359\/revisions"}],"predecessor-version":[{"id":361,"href":"https:\/\/vinasfm.com\/noticias\/wp-json\/wp\/v2\/posts\/359\/revisions\/361"}],"wp:featuredmedia":[{"embeddable":true,"href":"https:\/\/vinasfm.com\/noticias\/wp-json\/wp\/v2\/media\/360"}],"wp:attachment":[{"href":"https:\/\/vinasfm.com\/noticias\/wp-json\/wp\/v2\/media?parent=359"}],"wp:term":[{"taxonomy":"category","embeddable":true,"href":"https:\/\/vinasfm.com\/noticias\/wp-json\/wp\/v2\/categories?post=359"},{"taxonomy":"post_tag","embeddable":true,"href":"https:\/\/vinasfm.com\/noticias\/wp-json\/wp\/v2\/tags?post=359"}],"curies":[{"name":"wp","href":"https:\/\/api.w.org\/{rel}","templated":true}]}}