{"id":347,"date":"2015-05-08T11:09:08","date_gmt":"2015-05-08T14:09:08","guid":{"rendered":"http:\/\/vinasfm.com\/noticias\/?p=347"},"modified":"2015-05-08T11:09:08","modified_gmt":"2015-05-08T14:09:08","slug":"el-inv-brindo-un-nuevo-informe-sobre-la-cosecha-2015-proxima-a-finalizar","status":"publish","type":"post","link":"https:\/\/vinasfm.com\/noticias\/el-inv-brindo-un-nuevo-informe-sobre-la-cosecha-2015-proxima-a-finalizar\/","title":{"rendered":"El INV brind\u00f3 un nuevo informe sobre la cosecha 2015 pr\u00f3xima a finalizar"},"content":{"rendered":"<p><strong>La gerente de Fiscalizaci\u00f3n del Instituto Nacional de Vitivinicultura (INV), Ing. Claudia Quini, fue la encargada de dar a conocer el informe correspondiente a la Cosecha 2015, junto con el subgerente de Planificaci\u00f3n, Enol. Daniel Siragusa, los t\u00e9cnicos del INV y los representantes de distintos gremios.<br \/>\n<\/strong><\/p>\n<p>Quini, inform\u00f3 que \u201cya estamos al final de la cosechas 2015, el 10 de mayo cierra en Mendoza, en San Juan fue el 3 de mayo y en la zona Sur del pa\u00eds, que por razones clim\u00e1ticas ser\u00e1 el 17 de mayo, por lo que todav\u00eda est\u00e1 ingresando uva a bodega por lo que no contamos con el dato definitivo pero podemos decir que hasta el momento se han cosechado en Mendoza 16.810.000 quintales con lo cual estamos muy cerca del pron\u00f3stico, alrededor de un 9% de lo que hab\u00edamos estimado para la provincia. San Juan est\u00e1 en 5.622.000 quintales, aqu\u00ed tenemos una diferencia de 4% en m\u00e1s, es decir se cosech\u00f3 un poco m\u00e1s de lo que hab\u00edamos estimado. Total pa\u00eds llevamos cosechados 23.900.000 quintales de uva, es decir una diferencia de alrededor del 6%. Considerando que todav\u00eda se puede seguir ingresando uva a bodega estas cifras nos colocan dentro del nivel de confianza de la estimaci\u00f3n que es un 5% en m\u00e1s o en menos, es decir que estamos dentro del rango que se inform\u00f3 oportunamente\u201d<\/p>\n<p>Y agreg\u00f3 que \u201cconsideramos importante aclarar que las estimaciones no son err\u00f3neas porque son eso estimaciones, un trabajo con un sistema de probabilidades, con lo cual por ejemplo un pron\u00f3stico meteorol\u00f3gico lo que hace es predecir lo que puede suceder con desviaciones. El INV sale a dar informaci\u00f3n a fines de enero y en esa primera etapa del pron\u00f3stico calculamos 26.542.000 quintales , luego se hizo un ajuste porque mientras m\u00e1s cerca se est\u00e9 de la cosecha m\u00e1s certero es el dato, y con la dificultad que a la hora de estimar la producci\u00f3n de uva no solo hay que tener en cuenta los factores meteorol\u00f3gicos, adem\u00e1s se suman los factores humanos y los factores fisiol\u00f3gicos de la vid que da respuestas diferentes a los distintos est\u00edmulos que son dificil\u00edsimos de dimensionar salvo por la observaci\u00f3n.\u201d<\/p>\n<p>Toda la informaci\u00f3n est\u00e1 publicada y disponible en el siguiente link www.inv.gov.ar <\/p>\n","protected":false},"excerpt":{"rendered":"<p>La gerente de Fiscalizaci\u00f3n del Instituto Nacional de Vitivinicultura (INV), Ing. Claudia Quini, fue la encargada de dar a conocer el &#8230;<\/p>\n","protected":false},"author":5,"featured_media":348,"comment_status":"open","ping_status":"open","sticky":false,"template":"","format":"standard","meta":{"footnotes":""},"categories":[5],"tags":[],"class_list":["post-347","post","type-post","status-publish","format-standard","has-post-thumbnail","hentry","category-actualidad"],"_links":{"self":[{"href":"https:\/\/vinasfm.com\/noticias\/wp-json\/wp\/v2\/posts\/347","targetHints":{"allow":["GET"]}}],"collection":[{"href":"https:\/\/vinasfm.com\/noticias\/wp-json\/wp\/v2\/posts"}],"about":[{"href":"https:\/\/vinasfm.com\/noticias\/wp-json\/wp\/v2\/types\/post"}],"author":[{"embeddable":true,"href":"https:\/\/vinasfm.com\/noticias\/wp-json\/wp\/v2\/users\/5"}],"replies":[{"embeddable":true,"href":"https:\/\/vinasfm.com\/noticias\/wp-json\/wp\/v2\/comments?post=347"}],"version-history":[{"count":1,"href":"https:\/\/vinasfm.com\/noticias\/wp-json\/wp\/v2\/posts\/347\/revisions"}],"predecessor-version":[{"id":349,"href":"https:\/\/vinasfm.com\/noticias\/wp-json\/wp\/v2\/posts\/347\/revisions\/349"}],"wp:featuredmedia":[{"embeddable":true,"href":"https:\/\/vinasfm.com\/noticias\/wp-json\/wp\/v2\/media\/348"}],"wp:attachment":[{"href":"https:\/\/vinasfm.com\/noticias\/wp-json\/wp\/v2\/media?parent=347"}],"wp:term":[{"taxonomy":"category","embeddable":true,"href":"https:\/\/vinasfm.com\/noticias\/wp-json\/wp\/v2\/categories?post=347"},{"taxonomy":"post_tag","embeddable":true,"href":"https:\/\/vinasfm.com\/noticias\/wp-json\/wp\/v2\/tags?post=347"}],"curies":[{"name":"wp","href":"https:\/\/api.w.org\/{rel}","templated":true}]}}