{"id":344,"date":"2015-05-08T10:51:35","date_gmt":"2015-05-08T13:51:35","guid":{"rendered":"http:\/\/vinasfm.com\/noticias\/?p=344"},"modified":"2015-12-30T10:47:57","modified_gmt":"2015-12-30T13:47:57","slug":"tu-foto-en-naturalmente-alvear","status":"publish","type":"post","link":"https:\/\/vinasfm.com\/noticias\/tu-foto-en-naturalmente-alvear\/","title":{"rendered":"Tu foto en \u201cNaturalmente Alvear\u201d"},"content":{"rendered":"<p><strong>La Direcci\u00f3n de Turismo est\u00e1 llevando a cabo esta actividad en su stand de la Feria. Tanto escuelas como familias o grupos de amigos pueden llevarse este recuerdo fotogr\u00e1fico.<br \/>\n<\/strong><\/p>\n<p>Los chicos de las escuelas de General Alvear y de la Regi\u00f3n, pudieron llevarse su foto de recuerdo tras su paso por el stand de Naturalmente Alvear, el espacio de promoci\u00f3n que se encuentra a cargo de la Direcci\u00f3n de Turismo de la Municipalidad.<\/p>\n<p>Adem\u00e1s de las escuelas, la invitaci\u00f3n a llevarse el recuerdo, est\u00e1 hecha para todos quienes visiten el stand, tanto familias o grupos de amigos ya que durante la jornada del viernes, en horas de la tarde nuevamente se tomar\u00e1n fotograf\u00edas, al igual que el d\u00eda s\u00e1bado.<\/p>\n","protected":false},"excerpt":{"rendered":"<p>La Direcci\u00f3n de Turismo est\u00e1 llevando a cabo esta actividad en su stand de la Feria. Tanto escuelas como familias o &#8230;<\/p>\n","protected":false},"author":5,"featured_media":345,"comment_status":"open","ping_status":"open","sticky":false,"template":"","format":"standard","meta":{"footnotes":""},"categories":[5],"tags":[],"class_list":["post-344","post","type-post","status-publish","format-standard","has-post-thumbnail","hentry","category-actualidad"],"_links":{"self":[{"href":"https:\/\/vinasfm.com\/noticias\/wp-json\/wp\/v2\/posts\/344","targetHints":{"allow":["GET"]}}],"collection":[{"href":"https:\/\/vinasfm.com\/noticias\/wp-json\/wp\/v2\/posts"}],"about":[{"href":"https:\/\/vinasfm.com\/noticias\/wp-json\/wp\/v2\/types\/post"}],"author":[{"embeddable":true,"href":"https:\/\/vinasfm.com\/noticias\/wp-json\/wp\/v2\/users\/5"}],"replies":[{"embeddable":true,"href":"https:\/\/vinasfm.com\/noticias\/wp-json\/wp\/v2\/comments?post=344"}],"version-history":[{"count":1,"href":"https:\/\/vinasfm.com\/noticias\/wp-json\/wp\/v2\/posts\/344\/revisions"}],"predecessor-version":[{"id":346,"href":"https:\/\/vinasfm.com\/noticias\/wp-json\/wp\/v2\/posts\/344\/revisions\/346"}],"wp:featuredmedia":[{"embeddable":true,"href":"https:\/\/vinasfm.com\/noticias\/wp-json\/wp\/v2\/media\/345"}],"wp:attachment":[{"href":"https:\/\/vinasfm.com\/noticias\/wp-json\/wp\/v2\/media?parent=344"}],"wp:term":[{"taxonomy":"category","embeddable":true,"href":"https:\/\/vinasfm.com\/noticias\/wp-json\/wp\/v2\/categories?post=344"},{"taxonomy":"post_tag","embeddable":true,"href":"https:\/\/vinasfm.com\/noticias\/wp-json\/wp\/v2\/tags?post=344"}],"curies":[{"name":"wp","href":"https:\/\/api.w.org\/{rel}","templated":true}]}}