{"id":337,"date":"2015-05-08T10:15:23","date_gmt":"2015-05-08T13:15:23","guid":{"rendered":"http:\/\/vinasfm.com\/noticias\/?p=337"},"modified":"2015-12-30T10:48:37","modified_gmt":"2015-12-30T13:48:37","slug":"la-uncuyo-presente-en-la-fiesta-nacional-de-la-ganaderia","status":"publish","type":"post","link":"https:\/\/vinasfm.com\/noticias\/la-uncuyo-presente-en-la-fiesta-nacional-de-la-ganaderia\/","title":{"rendered":"La UNCuyo presente en la Fiesta Nacional de la Ganader\u00eda."},"content":{"rendered":"<p><strong>El stand est\u00e1 ubicado en la Carpa Amarilla, y all\u00ed se brindar\u00e1 informaci\u00f3n sobre la Oferta Educativa de la Universidad, y tambi\u00e9n se promocionar\u00e1 las Olimpiadas de la EA.<br \/>\n<\/strong><\/p>\n<p>La Secretar\u00eda de Relaciones Institucionales y territorialismo de la Universidad Nacional de Cuyo, a trav\u00e9s de la Gestor\u00eda local a cargo del Licenciado Walther Marcolini; a conseguido tener su espacio propio dentro de la 34ta Fiesta Nacional de la Ganader\u00eda de Zonas \u00c1ridas de General Alvear. <\/p>\n<p>En dicho stand, ubicado en la carpa \u201camarilla\u201d, se encuentra toda la informaci\u00f3n necesaria con respecto a la oferta educativa que ofrece la Universidad Nacional de Cuyo, y se promociona la 50\u00aa Edici\u00f3n de las Olimp\u00edadas de la Escuela de Agricultura.<\/p>\n","protected":false},"excerpt":{"rendered":"<p>El stand est\u00e1 ubicado en la Carpa Amarilla, y all\u00ed se brindar\u00e1 informaci\u00f3n sobre la Oferta Educativa de la Universidad, y &#8230;<\/p>\n","protected":false},"author":5,"featured_media":338,"comment_status":"open","ping_status":"open","sticky":false,"template":"","format":"standard","meta":{"footnotes":""},"categories":[5],"tags":[],"class_list":["post-337","post","type-post","status-publish","format-standard","has-post-thumbnail","hentry","category-actualidad"],"_links":{"self":[{"href":"https:\/\/vinasfm.com\/noticias\/wp-json\/wp\/v2\/posts\/337","targetHints":{"allow":["GET"]}}],"collection":[{"href":"https:\/\/vinasfm.com\/noticias\/wp-json\/wp\/v2\/posts"}],"about":[{"href":"https:\/\/vinasfm.com\/noticias\/wp-json\/wp\/v2\/types\/post"}],"author":[{"embeddable":true,"href":"https:\/\/vinasfm.com\/noticias\/wp-json\/wp\/v2\/users\/5"}],"replies":[{"embeddable":true,"href":"https:\/\/vinasfm.com\/noticias\/wp-json\/wp\/v2\/comments?post=337"}],"version-history":[{"count":1,"href":"https:\/\/vinasfm.com\/noticias\/wp-json\/wp\/v2\/posts\/337\/revisions"}],"predecessor-version":[{"id":339,"href":"https:\/\/vinasfm.com\/noticias\/wp-json\/wp\/v2\/posts\/337\/revisions\/339"}],"wp:featuredmedia":[{"embeddable":true,"href":"https:\/\/vinasfm.com\/noticias\/wp-json\/wp\/v2\/media\/338"}],"wp:attachment":[{"href":"https:\/\/vinasfm.com\/noticias\/wp-json\/wp\/v2\/media?parent=337"}],"wp:term":[{"taxonomy":"category","embeddable":true,"href":"https:\/\/vinasfm.com\/noticias\/wp-json\/wp\/v2\/categories?post=337"},{"taxonomy":"post_tag","embeddable":true,"href":"https:\/\/vinasfm.com\/noticias\/wp-json\/wp\/v2\/tags?post=337"}],"curies":[{"name":"wp","href":"https:\/\/api.w.org\/{rel}","templated":true}]}}