{"id":31655,"date":"2018-02-20T09:05:54","date_gmt":"2018-02-20T12:05:54","guid":{"rendered":"http:\/\/vinasfm.com\/noticias\/?p=31655"},"modified":"2018-02-22T10:21:16","modified_gmt":"2018-02-22T13:21:16","slug":"jose-vilchez-es-el-nuevo-presidente-de-la-ucr-local","status":"publish","type":"post","link":"https:\/\/vinasfm.com\/noticias\/jose-vilchez-es-el-nuevo-presidente-de-la-ucr-local\/","title":{"rendered":"JOS\u00c9 VILCHEZ ES EL NUEVO PRESIDENTE DE LA UCR LOCAL"},"content":{"rendered":"<p>Anoche con una sede de la UCR repleta de p\u00fablico se realizo el recambio de autoridades<\/p>\n<p>Jos\u00e9 V\u00edlchez nuevo presidente del partido se mostro muy feliz por esta designaci\u00f3n, record\u00f3 sus inicios en la pol\u00edtica \u201cen momentos que era dif\u00edcil\u201d \u00a0y agradeci\u00f3 a diferentes actores que lo acompa\u00f1aron en su carrera pol\u00edtica. \u201cEn estos 2 a\u00f1os vamos a seguir con la l\u00ednea que ven\u00edamos trayendo desde el comit\u00e9 haci\u00e9ndolo m\u00e1s amplio m\u00e1s abierto\u201d.<\/p>\n<p>Ezequiel Kaplut es el nuevo presidente de la juventud radical: \u201cquiero agradecer a todos los que hicieron posible que hoy pueda presidir esta juventud, estando al frente pondr\u00e9 lo mejor de m\u00ed y espero contar con todo el apoyo para seguir engrandeciendo este partido\u201d.<\/p>\n<p>El intendente Walther Marcolini y Jos\u00e9 Mar\u00eda Mart\u00ednez, presidente saliente desearon \u00e9xitos a las nuevas autoridades y resaltaron el acompa\u00f1amiento de la militancia presente.<\/p>\n<p>A.C<\/p>\n","protected":false},"excerpt":{"rendered":"<p>Anoche con una sede de la UCR repleta de p\u00fablico se realizo el recambio de autoridades Jos\u00e9 V\u00edlchez nuevo presidente del &#8230;<\/p>\n","protected":false},"author":5,"featured_media":31656,"comment_status":"open","ping_status":"open","sticky":false,"template":"","format":"standard","meta":{"footnotes":""},"categories":[5,7],"tags":[],"class_list":["post-31655","post","type-post","status-publish","format-standard","has-post-thumbnail","hentry","category-actualidad","category-politica"],"_links":{"self":[{"href":"https:\/\/vinasfm.com\/noticias\/wp-json\/wp\/v2\/posts\/31655","targetHints":{"allow":["GET"]}}],"collection":[{"href":"https:\/\/vinasfm.com\/noticias\/wp-json\/wp\/v2\/posts"}],"about":[{"href":"https:\/\/vinasfm.com\/noticias\/wp-json\/wp\/v2\/types\/post"}],"author":[{"embeddable":true,"href":"https:\/\/vinasfm.com\/noticias\/wp-json\/wp\/v2\/users\/5"}],"replies":[{"embeddable":true,"href":"https:\/\/vinasfm.com\/noticias\/wp-json\/wp\/v2\/comments?post=31655"}],"version-history":[{"count":1,"href":"https:\/\/vinasfm.com\/noticias\/wp-json\/wp\/v2\/posts\/31655\/revisions"}],"predecessor-version":[{"id":31657,"href":"https:\/\/vinasfm.com\/noticias\/wp-json\/wp\/v2\/posts\/31655\/revisions\/31657"}],"wp:featuredmedia":[{"embeddable":true,"href":"https:\/\/vinasfm.com\/noticias\/wp-json\/wp\/v2\/media\/31656"}],"wp:attachment":[{"href":"https:\/\/vinasfm.com\/noticias\/wp-json\/wp\/v2\/media?parent=31655"}],"wp:term":[{"taxonomy":"category","embeddable":true,"href":"https:\/\/vinasfm.com\/noticias\/wp-json\/wp\/v2\/categories?post=31655"},{"taxonomy":"post_tag","embeddable":true,"href":"https:\/\/vinasfm.com\/noticias\/wp-json\/wp\/v2\/tags?post=31655"}],"curies":[{"name":"wp","href":"https:\/\/api.w.org\/{rel}","templated":true}]}}