{"id":31652,"date":"2018-02-20T08:16:17","date_gmt":"2018-02-20T11:16:17","guid":{"rendered":"http:\/\/vinasfm.com\/noticias\/?p=31652"},"modified":"2018-02-21T10:20:46","modified_gmt":"2018-02-21T13:20:46","slug":"una-serie-de-fotos-desmienten-la-desertificacion-que-denuncia-la-pampa","status":"publish","type":"post","link":"https:\/\/vinasfm.com\/noticias\/una-serie-de-fotos-desmienten-la-desertificacion-que-denuncia-la-pampa\/","title":{"rendered":"UNA SERIE DE FOTOS DESMIENTEN LA \u00abDESERTIFICACI\u00d3N\u00bb QUE DENUNCIA LA PAMPA"},"content":{"rendered":"<p>A fines de diciembre pasado, en una misi\u00f3n realizada por el Gobierno de Mendoza, se tomaron im\u00e1genes a\u00e9reas de zonas que La Pampa denunci\u00f3 como desertificadas en el marco del conflicto con Mendoza por las aguas del Atuel.<\/p>\n<p>Pero los resultados de dicha misi\u00f3n fueron concluyentes: a La Pampa le sobra el agua y as\u00ed lo demuestran las im\u00e1genes difundidas esta semana por el portal Mendoza Post. Esto, indica que el reclamo pampeano es desmedido y caprichoso, pues en Algarrobo del \u00c1guila, donde fueron captadas las fotograf\u00edas, existe suficiente recurso para la proliferaci\u00f3n de flora y fauna.<\/p>\n<p>Las im\u00e1genes son parte de un informe t\u00e9cnico de casi 500 p\u00e1ginas que present\u00f3 el Gobierno de Mendoza y que podr\u00eda ser trascendental de cara a la resoluci\u00f3n del conflicto. Hoy martes vence el plazo impuesto por la Corte Suprema de Justicia, por el que nuestra provincia y La Pampa deb\u00edan acordar el caudal a erogar.<\/p>\n<p>Esto sucede en medio de una violenta embestida oficial pampeana, con carteler\u00eda instalada en la v\u00eda p\u00fablica en la que acusan a Mendoza de \u201crobar el Atuel\u201d y a la Naci\u00f3n de pretender \u201crobar el r\u00edo Colorado\u201d. La Pampa tambi\u00e9n rechaza la construcci\u00f3n de Portezuelo del Viento, sin ning\u00fan tipo de justificaci\u00f3n. As\u00ed fue que se convirti\u00f3 en la \u00fanica provincia, integrante del Coirco, en rechazar la ejecuci\u00f3n del proyecto.<\/p>\n<p>Retornando al dilema que la Corte enfrenta respecto al Atuel, Mendoza ofreci\u00f3 erogar 1,3 metros c\u00fabicos por segundo, mientras que La Pampa exige m\u00e1s del triple, sin interesarle cu\u00e1l es la situaci\u00f3n de nuestra provincia, con una crisis h\u00eddrica que la azota desde hace muchos a\u00f1os y que podr\u00eda profundizarse en caso de un fallo adverso por parte del m\u00e1ximo tribunal de justicia.<\/p>\n<p>Las pruebas fotogr\u00e1ficas son contundentes y eximen de cualquier an\u00e1lisis que respalde la posici\u00f3n de Mendoza. Donde La Pampa denuncia un desierto, hay agua suficiente para generar un humedal, pero de eso \u2013en la vecina provincia- no se habla.<\/p>\n<p>A.C<\/p>\n","protected":false},"excerpt":{"rendered":"<p>A fines de diciembre pasado, en una misi\u00f3n realizada por el Gobierno de Mendoza, se tomaron im\u00e1genes a\u00e9reas de zonas que &#8230;<\/p>\n","protected":false},"author":5,"featured_media":31653,"comment_status":"open","ping_status":"open","sticky":false,"template":"","format":"standard","meta":{"footnotes":""},"categories":[5,7],"tags":[],"class_list":["post-31652","post","type-post","status-publish","format-standard","has-post-thumbnail","hentry","category-actualidad","category-politica"],"_links":{"self":[{"href":"https:\/\/vinasfm.com\/noticias\/wp-json\/wp\/v2\/posts\/31652","targetHints":{"allow":["GET"]}}],"collection":[{"href":"https:\/\/vinasfm.com\/noticias\/wp-json\/wp\/v2\/posts"}],"about":[{"href":"https:\/\/vinasfm.com\/noticias\/wp-json\/wp\/v2\/types\/post"}],"author":[{"embeddable":true,"href":"https:\/\/vinasfm.com\/noticias\/wp-json\/wp\/v2\/users\/5"}],"replies":[{"embeddable":true,"href":"https:\/\/vinasfm.com\/noticias\/wp-json\/wp\/v2\/comments?post=31652"}],"version-history":[{"count":1,"href":"https:\/\/vinasfm.com\/noticias\/wp-json\/wp\/v2\/posts\/31652\/revisions"}],"predecessor-version":[{"id":31654,"href":"https:\/\/vinasfm.com\/noticias\/wp-json\/wp\/v2\/posts\/31652\/revisions\/31654"}],"wp:featuredmedia":[{"embeddable":true,"href":"https:\/\/vinasfm.com\/noticias\/wp-json\/wp\/v2\/media\/31653"}],"wp:attachment":[{"href":"https:\/\/vinasfm.com\/noticias\/wp-json\/wp\/v2\/media?parent=31652"}],"wp:term":[{"taxonomy":"category","embeddable":true,"href":"https:\/\/vinasfm.com\/noticias\/wp-json\/wp\/v2\/categories?post=31652"},{"taxonomy":"post_tag","embeddable":true,"href":"https:\/\/vinasfm.com\/noticias\/wp-json\/wp\/v2\/tags?post=31652"}],"curies":[{"name":"wp","href":"https:\/\/api.w.org\/{rel}","templated":true}]}}