{"id":304,"date":"2015-05-07T10:58:42","date_gmt":"2015-05-07T13:58:42","guid":{"rendered":"http:\/\/vinasfm.com\/noticias\/?p=304"},"modified":"2015-12-30T10:38:53","modified_gmt":"2015-12-30T13:38:53","slug":"un-vuelco-y-un-detenido-por-consumo-de-estupefaciente","status":"publish","type":"post","link":"https:\/\/vinasfm.com\/noticias\/un-vuelco-y-un-detenido-por-consumo-de-estupefaciente\/","title":{"rendered":"Un vuelco y un detenido por consumo de estupefacientes"},"content":{"rendered":"<p><strong>Ambos hechos fueron registrados durante la ma\u00f1ana del d\u00eda mi\u00e9rcoles.<\/strong><\/p>\n<p>El Subcomisario Ariel Alcalde, brind\u00f3 detalles acerca de dos hechos registrados en horas de la ma\u00f1ana del d\u00eda mi\u00e9rcoles.<\/p>\n<p>El primero est\u00e1 relacionado con el vuelco de un autom\u00f3vil VW Gol en las inmediaciones de la calle \u201cM\u201d y \u201c13\u201d. Por razones que a\u00fan se tratan de establecer, el conductor perdi\u00f3 el dominio del rodado y se produjo el vuelco. El conductor, junto con su acompa\u00f1ante, fue trasladado al Hospital Enfermeros Argentinos, donde fueron atendidos de urgencia pero no le diagnosticaron heridas de car\u00e1cter grave.<\/p>\n<p>Y el segundo hecho hace referencia a la detenci\u00f3n de un masculino mayor de edad, que fue advertido por las c\u00e1maras de seguridad cercanas al Predio Ferial mientras consum\u00eda sustancias estupefacientes en uno de los estacionamientos de las escuelas secundarias. Personal de Lucha contra el Narcotr\u00e1fico se dio cita en el lugar, y se constat\u00f3 que el sujeto se hallaba consumiendo y portando sustancias nocivas. Inmediatamente es detenido, y trasladado a la dependencia policial por infringir la Ley de Estupefaciente.<\/p>\n<p>Asimismo, Alcalde coment\u00f3 sobre los dispositivos de seguridad y prevenci\u00f3n que actuar\u00e1n durante la Fiesta Nacional de la Ganader\u00eda. Un total de 120 polic\u00edas se ver\u00e1n afectados, u alto porcentaje de ellos estar\u00e1n dentro del predio, y el resto rotar\u00e1 sus horarios para permanecer en el destacamento del predio. Adem\u00e1s, contar\u00e1n con el apoyo de la Unidad Especial de Patrullaje, Seguridad Vial, y Polic\u00eda de Mendoza. Tambi\u00e9n se apoyar\u00e1n en las filmaciones de las c\u00e1maras de seguridad de la zona.<\/p>\n","protected":false},"excerpt":{"rendered":"<p>Ambos hechos fueron registrados durante la ma\u00f1ana del d\u00eda mi\u00e9rcoles. El Subcomisario Ariel Alcalde, brind\u00f3 detalles acerca de dos hechos registrados &#8230;<\/p>\n","protected":false},"author":5,"featured_media":23,"comment_status":"open","ping_status":"open","sticky":false,"template":"","format":"standard","meta":{"footnotes":""},"categories":[5,4],"tags":[],"class_list":["post-304","post","type-post","status-publish","format-standard","has-post-thumbnail","hentry","category-actualidad","category-policiales"],"_links":{"self":[{"href":"https:\/\/vinasfm.com\/noticias\/wp-json\/wp\/v2\/posts\/304","targetHints":{"allow":["GET"]}}],"collection":[{"href":"https:\/\/vinasfm.com\/noticias\/wp-json\/wp\/v2\/posts"}],"about":[{"href":"https:\/\/vinasfm.com\/noticias\/wp-json\/wp\/v2\/types\/post"}],"author":[{"embeddable":true,"href":"https:\/\/vinasfm.com\/noticias\/wp-json\/wp\/v2\/users\/5"}],"replies":[{"embeddable":true,"href":"https:\/\/vinasfm.com\/noticias\/wp-json\/wp\/v2\/comments?post=304"}],"version-history":[{"count":1,"href":"https:\/\/vinasfm.com\/noticias\/wp-json\/wp\/v2\/posts\/304\/revisions"}],"predecessor-version":[{"id":306,"href":"https:\/\/vinasfm.com\/noticias\/wp-json\/wp\/v2\/posts\/304\/revisions\/306"}],"wp:featuredmedia":[{"embeddable":true,"href":"https:\/\/vinasfm.com\/noticias\/wp-json\/wp\/v2\/media\/23"}],"wp:attachment":[{"href":"https:\/\/vinasfm.com\/noticias\/wp-json\/wp\/v2\/media?parent=304"}],"wp:term":[{"taxonomy":"category","embeddable":true,"href":"https:\/\/vinasfm.com\/noticias\/wp-json\/wp\/v2\/categories?post=304"},{"taxonomy":"post_tag","embeddable":true,"href":"https:\/\/vinasfm.com\/noticias\/wp-json\/wp\/v2\/tags?post=304"}],"curies":[{"name":"wp","href":"https:\/\/api.w.org\/{rel}","templated":true}]}}