{"id":301,"date":"2015-05-07T10:04:57","date_gmt":"2015-05-07T13:04:57","guid":{"rendered":"http:\/\/vinasfm.com\/noticias\/?p=301"},"modified":"2015-05-07T10:04:57","modified_gmt":"2015-05-07T13:04:57","slug":"ampros-y-ate-aprobaron-la-propuesta-de-incremento-salarial-del-35-para-los-trabajadores-de-la-salud","status":"publish","type":"post","link":"https:\/\/vinasfm.com\/noticias\/ampros-y-ate-aprobaron-la-propuesta-de-incremento-salarial-del-35-para-los-trabajadores-de-la-salud\/","title":{"rendered":"AMPROS y ATE aprobaron la propuesta de incremento salarial del 35% para los trabajadores de la salud"},"content":{"rendered":"<p>AMPROS informa que por un 75% a favor del S\u00cd, los trabajadores de la salud nucleados en ambos gremios, aprobaron el incremento salarial del 35% sobre el b\u00e1sico retroactivo a marzo. El plebiscito realizado hoy desde las 6 hasta las 18 en los efectores de salud m\u00e1s importantes, arroj\u00f3 este contundente resultado.<\/p>\n<p>Claudia Iturbe, secretaria gremial, expres\u00f3: \u201cS\u00f3lo faltan algunas mesas del interior, que se est\u00e1n escrutando, pero los resultados son contundentes a favor del SI. Creemos que con esta respuesta, los profesionales son optimistas en cuanto a que haya un arreglo con respecto al Impuesto a las Ganancias \u2013proyecto que presentamos ayer en la Legislatura-. Hay que confiar en los legisladores, ya que ante el incremento, quienes no tributaban, ahora lo har\u00e1n. Como el salario no es ganancia, han aceptado la propuesta esperanzados en este punto\u201d.<\/p>\n<p>Por su parte, Gladys Vel\u00e1zquez, secretaria adjunta de AMPROS, destac\u00f3: \u201cEn el caso de los concursos, tema en el que los gremios han trabajando much\u00edsimo y han solicitando desde hace a\u00f1os que se llevaran adelante, ante el incumplimiento y el pedido de pase a planta de 2012, 2013 y 2014, el Estado Provincial tuvo la obligaci\u00f3n de no dejar a sus trabajadores en negro, brind\u00e1ndoles seguridad laboral y una cobertura\u201d.<\/p>\n<p>Finalmente, la licenciada Iturbe se\u00f1al\u00f3: \u201cEl Ejecutivo a trav\u00e9s de sus miembros paritarios se comprometi\u00f3 en el caso de los licenciados en Enfermer\u00eda, al pase de todos los reg\u00edmenes al 27; a cumplimentar el reescalafonamiento de los profesionales de DGE y OSEP y el pase a planta de los veterinarios de COPROSAMEN\u201d.<\/p>\n<p>Cabe destacar que con respecto al Impuesto a las Ganancias, AMPROS y ATE abrieron una instancia legislativa, ya que el Gobierno remarc\u00f3 que a\u00fan se encuentra en proceso de evaluaci\u00f3n del cambio en la base de c\u00e1lculo.<\/p>\n","protected":false},"excerpt":{"rendered":"<p>AMPROS informa que por un 75% a favor del S\u00cd, los trabajadores de la salud nucleados en ambos gremios, aprobaron el &#8230;<\/p>\n","protected":false},"author":5,"featured_media":302,"comment_status":"open","ping_status":"open","sticky":false,"template":"","format":"standard","meta":{"footnotes":""},"categories":[5],"tags":[],"class_list":["post-301","post","type-post","status-publish","format-standard","has-post-thumbnail","hentry","category-actualidad"],"_links":{"self":[{"href":"https:\/\/vinasfm.com\/noticias\/wp-json\/wp\/v2\/posts\/301","targetHints":{"allow":["GET"]}}],"collection":[{"href":"https:\/\/vinasfm.com\/noticias\/wp-json\/wp\/v2\/posts"}],"about":[{"href":"https:\/\/vinasfm.com\/noticias\/wp-json\/wp\/v2\/types\/post"}],"author":[{"embeddable":true,"href":"https:\/\/vinasfm.com\/noticias\/wp-json\/wp\/v2\/users\/5"}],"replies":[{"embeddable":true,"href":"https:\/\/vinasfm.com\/noticias\/wp-json\/wp\/v2\/comments?post=301"}],"version-history":[{"count":1,"href":"https:\/\/vinasfm.com\/noticias\/wp-json\/wp\/v2\/posts\/301\/revisions"}],"predecessor-version":[{"id":303,"href":"https:\/\/vinasfm.com\/noticias\/wp-json\/wp\/v2\/posts\/301\/revisions\/303"}],"wp:featuredmedia":[{"embeddable":true,"href":"https:\/\/vinasfm.com\/noticias\/wp-json\/wp\/v2\/media\/302"}],"wp:attachment":[{"href":"https:\/\/vinasfm.com\/noticias\/wp-json\/wp\/v2\/media?parent=301"}],"wp:term":[{"taxonomy":"category","embeddable":true,"href":"https:\/\/vinasfm.com\/noticias\/wp-json\/wp\/v2\/categories?post=301"},{"taxonomy":"post_tag","embeddable":true,"href":"https:\/\/vinasfm.com\/noticias\/wp-json\/wp\/v2\/tags?post=301"}],"curies":[{"name":"wp","href":"https:\/\/api.w.org\/{rel}","templated":true}]}}