{"id":292,"date":"2015-05-07T09:26:46","date_gmt":"2015-05-07T12:26:46","guid":{"rendered":"http:\/\/vinasfm.com\/noticias\/?p=292"},"modified":"2016-12-14T10:35:44","modified_gmt":"2016-12-14T13:35:44","slug":"se-inauguro-el-paseo-de-la-memoria","status":"publish","type":"post","link":"https:\/\/vinasfm.com\/noticias\/se-inauguro-el-paseo-de-la-memoria\/","title":{"rendered":"Se inaugur\u00f3 el Paseo de la Memoria"},"content":{"rendered":"<p><strong>Juan Carlos De Paolo inaugur\u00f3 hoy junto a familiares de desaparecidos y el Subsecretario de Derechos Humanos de Mendoza, Daniel Tagarelli, el Paseo de la Memoria, en la primera cuadra de la Avenida Libertador Norte.<\/strong><\/p>\n<p>Por iniciativa de familiares de desaparecidos y otros organismos de DDHH, el Concejo Deliberante aprob\u00f3 la Ordenanza que permiti\u00f3 la creaci\u00f3n del Paseo de la Memoria, en las primeras cuadras de la Avenida Libertador Norte, sobre el boulevard.<\/p>\n<p>La inauguraci\u00f3n que estaba prevista para el mes de marzo, fue suspendida por razones clim\u00e1ticas, y finalmente pudo concretarse en el inicio de mayo, pocos d\u00edas antes de que se constituya el Consejo Provincial de Derechos Humanos, del que la Municipalidad de General Alvear, ser\u00e1 sede tras su conformaci\u00f3n.<\/p>\n<p>El paseo cuenta con placas que recuerdan a los desaparecidos de la \u00faltima Dictadura C\u00edvico-Militar, como as\u00ed tambi\u00e9n las pol\u00edticas de Estado que se pusieron en pr\u00e1ctica en materia de Derechos, desde el Gobierno de Alfons\u00edn a la fecha; recordando los lineamientos y acciones de N\u00e9stor Kirchner y Cristina Fern\u00e1ndez en la actualidad.<\/p>\n<p>Adem\u00e1s el Paseo contar\u00e1 con espacio para recordar a cada uno de los desaparecidos del sur de la provincia, tal como lo establece la Ordenanza de su creaci\u00f3n, y un especial destinado a los Pueblos Originarios.<\/p>\n<p>En ocasi\u00f3n de la inauguraci\u00f3n, el grupo \u201cEl Hormiguero\u201d se present\u00f3 con la lectura de un texto de Rodolfo Walsh, y Alfredo P\u00e9rez le puso pensamiento y m\u00fasica a la reflexi\u00f3n colectiva.<\/p>\n","protected":false},"excerpt":{"rendered":"<p>Juan Carlos De Paolo inaugur\u00f3 hoy junto a familiares de desaparecidos y el Subsecretario de Derechos Humanos de Mendoza, Daniel Tagarelli, &#8230;<\/p>\n","protected":false},"author":5,"featured_media":293,"comment_status":"open","ping_status":"open","sticky":false,"template":"","format":"standard","meta":{"footnotes":""},"categories":[5],"tags":[],"class_list":["post-292","post","type-post","status-publish","format-standard","has-post-thumbnail","hentry","category-actualidad"],"_links":{"self":[{"href":"https:\/\/vinasfm.com\/noticias\/wp-json\/wp\/v2\/posts\/292","targetHints":{"allow":["GET"]}}],"collection":[{"href":"https:\/\/vinasfm.com\/noticias\/wp-json\/wp\/v2\/posts"}],"about":[{"href":"https:\/\/vinasfm.com\/noticias\/wp-json\/wp\/v2\/types\/post"}],"author":[{"embeddable":true,"href":"https:\/\/vinasfm.com\/noticias\/wp-json\/wp\/v2\/users\/5"}],"replies":[{"embeddable":true,"href":"https:\/\/vinasfm.com\/noticias\/wp-json\/wp\/v2\/comments?post=292"}],"version-history":[{"count":1,"href":"https:\/\/vinasfm.com\/noticias\/wp-json\/wp\/v2\/posts\/292\/revisions"}],"predecessor-version":[{"id":294,"href":"https:\/\/vinasfm.com\/noticias\/wp-json\/wp\/v2\/posts\/292\/revisions\/294"}],"wp:featuredmedia":[{"embeddable":true,"href":"https:\/\/vinasfm.com\/noticias\/wp-json\/wp\/v2\/media\/293"}],"wp:attachment":[{"href":"https:\/\/vinasfm.com\/noticias\/wp-json\/wp\/v2\/media?parent=292"}],"wp:term":[{"taxonomy":"category","embeddable":true,"href":"https:\/\/vinasfm.com\/noticias\/wp-json\/wp\/v2\/categories?post=292"},{"taxonomy":"post_tag","embeddable":true,"href":"https:\/\/vinasfm.com\/noticias\/wp-json\/wp\/v2\/tags?post=292"}],"curies":[{"name":"wp","href":"https:\/\/api.w.org\/{rel}","templated":true}]}}