{"id":287,"date":"2015-05-06T21:17:10","date_gmt":"2015-05-07T00:17:10","guid":{"rendered":"http:\/\/vinasfm.com\/noticias\/?p=287"},"modified":"2015-05-06T21:20:43","modified_gmt":"2015-05-07T00:20:43","slug":"se-inauguro-la-xxxiv-fiesta-nacional-de-la-ganaderia-en-alvear","status":"publish","type":"post","link":"https:\/\/vinasfm.com\/noticias\/se-inauguro-la-xxxiv-fiesta-nacional-de-la-ganaderia-en-alvear\/","title":{"rendered":"Se inaugur\u00f3 la XXXIV Fiesta Nacional de la Ganader\u00eda en Alvear"},"content":{"rendered":"<p><strong>Una gran cantidad de alvearenses presenciaron la inauguraci\u00f3n de la Fiesta Nacional de la Ganader\u00eda en su XXXIV. <\/strong><\/p>\n<p>Con un acto breve que se abri\u00f3 con la bendici\u00f3n del padre cura Sebasti\u00e1n Toledo, luego Roc\u00edo Perazoli la soberana nacional de la Ganader\u00eda llam\u00f3 a disfrutar de esta gran fiesta que reconoce el trabajo de los productores agropecuarios.<br \/>\nLuego lleg\u00f3 el turno del intendente Juan Carlos De Paolo que remarc\u00f3 \u201cesta fiesta es una muestra del esfuerzo y el trabajo. Los que iniciaron el desarrollo ganadero lo hicieron confiando en las bondades de este suelo. Hoy estamos  a punto de estrenar el matadero municipal gracias al esfuerzo de muchas personas. Lo que va a permitir generar nuevos emprendimientos que le agreguen valor a nuestra materia prima. Los alvearenses debemos sentirnos orgullosos de esta fiesta por que la hemos hecho entre todos\u201d.<br \/>\nEn un a\u00f1o especial teniendo en cuenta el clima de elecciones que se respira en todo el pa\u00eds se aguarda por la confirmaci\u00f3n de los precandidatos a presidente de la naci\u00f3n.<br \/>\nCon un artistario que promete una gran convocatoria se prepara la noche de la fiesta, que tendr\u00e1 como plato fuerte el d\u00eda viernes a Los Aut\u00e9nticos Decadentes con su cl\u00e1sico repertorio cargado de alegr\u00eda, antes se subir\u00e1 al escenario Vieja Cepa la banda alvearense que hace a\u00f1os ya ha traspasado las fronteras locales para sonar a lo largo y ancho del pa\u00eds. El d\u00eda s\u00e1bado ser\u00e1 el turno del humor con Miguel \u00c1ngel Cherutti desplegando todo su bagaje de imitaciones, tambi\u00e9n habr\u00e1 lugar para el folclore con Los Trovadores de Cuyo y el grupo sanrafelino M\u00e1ndala. Y por supuesto el d\u00eda domingo con la tradicional jineteada que este a\u00f1o contar\u00e1 con el actual campe\u00f3n argentino Mauro Fazi.<\/p>\n","protected":false},"excerpt":{"rendered":"<p>Una gran cantidad de alvearenses presenciaron la inauguraci\u00f3n de la Fiesta Nacional de la Ganader\u00eda en su XXXIV. Con un acto &#8230;<\/p>\n","protected":false},"author":5,"featured_media":291,"comment_status":"open","ping_status":"open","sticky":false,"template":"","format":"standard","meta":{"footnotes":""},"categories":[10],"tags":[],"class_list":["post-287","post","type-post","status-publish","format-standard","has-post-thumbnail","hentry","category-destacadas"],"_links":{"self":[{"href":"https:\/\/vinasfm.com\/noticias\/wp-json\/wp\/v2\/posts\/287","targetHints":{"allow":["GET"]}}],"collection":[{"href":"https:\/\/vinasfm.com\/noticias\/wp-json\/wp\/v2\/posts"}],"about":[{"href":"https:\/\/vinasfm.com\/noticias\/wp-json\/wp\/v2\/types\/post"}],"author":[{"embeddable":true,"href":"https:\/\/vinasfm.com\/noticias\/wp-json\/wp\/v2\/users\/5"}],"replies":[{"embeddable":true,"href":"https:\/\/vinasfm.com\/noticias\/wp-json\/wp\/v2\/comments?post=287"}],"version-history":[{"count":1,"href":"https:\/\/vinasfm.com\/noticias\/wp-json\/wp\/v2\/posts\/287\/revisions"}],"predecessor-version":[{"id":289,"href":"https:\/\/vinasfm.com\/noticias\/wp-json\/wp\/v2\/posts\/287\/revisions\/289"}],"wp:featuredmedia":[{"embeddable":true,"href":"https:\/\/vinasfm.com\/noticias\/wp-json\/wp\/v2\/media\/291"}],"wp:attachment":[{"href":"https:\/\/vinasfm.com\/noticias\/wp-json\/wp\/v2\/media?parent=287"}],"wp:term":[{"taxonomy":"category","embeddable":true,"href":"https:\/\/vinasfm.com\/noticias\/wp-json\/wp\/v2\/categories?post=287"},{"taxonomy":"post_tag","embeddable":true,"href":"https:\/\/vinasfm.com\/noticias\/wp-json\/wp\/v2\/tags?post=287"}],"curies":[{"name":"wp","href":"https:\/\/api.w.org\/{rel}","templated":true}]}}