{"id":279,"date":"2015-05-06T13:17:33","date_gmt":"2015-05-06T16:17:33","guid":{"rendered":"http:\/\/vinasfm.com\/noticias\/?p=279"},"modified":"2015-12-30T10:49:35","modified_gmt":"2015-12-30T13:49:35","slug":"en-horas-se-inaugurara-la-fiesta-de-la-ganaderia","status":"publish","type":"post","link":"https:\/\/vinasfm.com\/noticias\/en-horas-se-inaugurara-la-fiesta-de-la-ganaderia\/","title":{"rendered":"En horas se inaugurar\u00e1 la Fiesta de la Ganader\u00eda"},"content":{"rendered":"<p><strong>A horas del corte de cinta, el Presidente de la C\u00e1mara habl\u00f3 con Vi\u00f1as y expres\u00f3 sus expectativas sobre esta nueva edici\u00f3n<\/strong>.<\/p>\n<p>&nbsp;<\/p>\n<p>Ariel Romero, a cargo de la C\u00e1mara de Comercio, mantuvo contacto con FM Vi\u00f1as y coment\u00f3 acerca de las actividades m\u00e1s importantes de la Feria, como los remates, la venta de entradas para los espect\u00e1culos, y el discurso del almuerzo.<\/p>\n<p>&nbsp;<\/p>\n<p>Esta noche, a las 22:00hs se llevar\u00e1 a cabo el corte de cinta en el Predio Ferial de la Ruta Nacional 188 para inaugurar la Edici\u00f3n N\u00b034 de la Fiesta Nacional de la Ganader\u00eda de Zonas \u00c1ridas.<\/p>\n<p>&nbsp;<\/p>\n<p>Romero se ha mostrado entusiasmado y expectante respecto a la coocurrencia de p\u00fablico local y no local que asistir\u00e1 a las diferentes actividades que se desarrollar\u00e1n.<\/p>\n<p>&nbsp;<\/p>\n<p>El funcionario hizo referencia a los remates de animales, y afirm\u00f3, \u201ceste a\u00f1o contamos con dos firmas rematadoras, pero o podemos confirmar la cantidad de animales que habr\u00e1 porque se ha dificultado el encierre y juntada de animales. Pero podemos asegurar que habr\u00e1 una cantidad superior a las ediciones anteriores, y la calidad se destacar\u00e1 bastante.<\/p>\n<p>&nbsp;<\/p>\n<p>Respecto a la venta de entradas para presenciar a Los Aut\u00e9nticos Decadentes y Miguel \u00c1ngel Cherutti, indic\u00f3 \u201chasta el momento llevamos un buen ritmo en la venta de entradas para los espect\u00e1culos del viernes y s\u00e1bado. Esperamos que en los pr\u00f3ximos d\u00edas se venda la totalidad de las mismas. Pero tenemos un buen n\u00famero de entradas vendidas\u201d.<\/p>\n<p>&nbsp;<\/p>\n<p>Y para finalizar, enfatiz\u00f3 al tan esperado discurso que ofrecer\u00e1 durante el Almuerzo Oficial de las Fuerzas Vivas del d\u00eda s\u00e1bado, \u201cno me siento presionado por lo que tengo que decir, pero es una responsabilidad importante que siento sobre mis espaldas al momento de elaborar el discurso. Es la oportunidad que tiene Alvear de manifestarse, y dar a conocer la realidad econ\u00f3mica de la producci\u00f3n del departamento. La econom\u00eda Alvearense no est\u00e1 bien. El comportamiento del Gobierno para con el Pueblo, genera rechazo como en la miner\u00eda y el agua. No estamos satisfechos sobre c\u00f3mo ha respondido este Gobierno. Asique hay que plasmarlo en el discurso. Y no es f\u00e1cil armarlo para hablar solamente 20 minutos\u201d.<\/p>\n","protected":false},"excerpt":{"rendered":"<p>A horas del corte de cinta, el Presidente de la C\u00e1mara habl\u00f3 con Vi\u00f1as y expres\u00f3 sus expectativas sobre esta nueva &#8230;<\/p>\n","protected":false},"author":5,"featured_media":280,"comment_status":"open","ping_status":"open","sticky":false,"template":"","format":"standard","meta":{"footnotes":""},"categories":[5],"tags":[],"class_list":["post-279","post","type-post","status-publish","format-standard","has-post-thumbnail","hentry","category-actualidad"],"_links":{"self":[{"href":"https:\/\/vinasfm.com\/noticias\/wp-json\/wp\/v2\/posts\/279","targetHints":{"allow":["GET"]}}],"collection":[{"href":"https:\/\/vinasfm.com\/noticias\/wp-json\/wp\/v2\/posts"}],"about":[{"href":"https:\/\/vinasfm.com\/noticias\/wp-json\/wp\/v2\/types\/post"}],"author":[{"embeddable":true,"href":"https:\/\/vinasfm.com\/noticias\/wp-json\/wp\/v2\/users\/5"}],"replies":[{"embeddable":true,"href":"https:\/\/vinasfm.com\/noticias\/wp-json\/wp\/v2\/comments?post=279"}],"version-history":[{"count":1,"href":"https:\/\/vinasfm.com\/noticias\/wp-json\/wp\/v2\/posts\/279\/revisions"}],"predecessor-version":[{"id":281,"href":"https:\/\/vinasfm.com\/noticias\/wp-json\/wp\/v2\/posts\/279\/revisions\/281"}],"wp:featuredmedia":[{"embeddable":true,"href":"https:\/\/vinasfm.com\/noticias\/wp-json\/wp\/v2\/media\/280"}],"wp:attachment":[{"href":"https:\/\/vinasfm.com\/noticias\/wp-json\/wp\/v2\/media?parent=279"}],"wp:term":[{"taxonomy":"category","embeddable":true,"href":"https:\/\/vinasfm.com\/noticias\/wp-json\/wp\/v2\/categories?post=279"},{"taxonomy":"post_tag","embeddable":true,"href":"https:\/\/vinasfm.com\/noticias\/wp-json\/wp\/v2\/tags?post=279"}],"curies":[{"name":"wp","href":"https:\/\/api.w.org\/{rel}","templated":true}]}}