{"id":269,"date":"2015-05-05T21:57:54","date_gmt":"2015-05-06T00:57:54","guid":{"rendered":"http:\/\/vinasfm.com\/noticias\/?p=269"},"modified":"2015-05-05T22:28:49","modified_gmt":"2015-05-06T01:28:49","slug":"de-vuelta-en-casa","status":"publish","type":"post","link":"https:\/\/vinasfm.com\/noticias\/de-vuelta-en-casa\/","title":{"rendered":"DE VUELTA EN CASA"},"content":{"rendered":"<p><strong>Miguel Buxo volvi\u00f3 a Pac\u00edfico para hacerse cargo del equipo que afrontar\u00e1 la pr\u00f3xima edici\u00f3n del torneo Federal B.<\/strong><\/p>\n<p>Durante las \u00faltimas semanas muchos nombres se barajaron, pero hab\u00eda uno que m\u00e1s seduc\u00eda a la dirigencia y al hincha de Pac\u00edfico: Miguel Buxo. Tras varias idas y venidas, el entrenador acord\u00f3 su llegada al club de Avenida Libertador Norte y ya dialog\u00f3 con <strong><em>Fm Vi\u00f1as<\/em><\/strong>.<\/p>\n<p>El propio director t\u00e9cnico manifest\u00f3 sus primeras sensaciones tras retornar al Lobo:\u201d Estoy tranquilo, quiz\u00e1 en todo caso mi preocupaci\u00f3n pasa por el tiempo que hay para \u00a0conformar el plantel. Estamos abocado junto a los dirigentes en contactar jugadores, seducirlos y proponerles cu\u00e1l es la idea. Hay mucha demanda y hay escases de los mismos, entonces est\u00e1 complicado el tema\u201d.<\/p>\n<p>Meti\u00e9ndose de lleno en el tema refuerzos, Buxo no dio demasiadas precisiones al respecto, aunque dej\u00f3 algunas pistas de lo que pretende para este nuevo Pac\u00edfico: \u201cUno siempre trata de priorizar a aquellos jugadores que han tenido alg\u00fan paso por la instituci\u00f3n y que han rendido de forma aceptable. El club tiene un prestigio ganado y eso favorece a la dirigencia. Cuando vos sos un club serio, eso seduce a cualquier jugador. R\u00e1pidamente nos hemos puesto a contactar jugadores y en algunos casos a sus representantes. El hecho de que haya tanta demanda har\u00e1 que seguramente los entrenadores coincidamos en m\u00e1s de un jugador, ser\u00e1 una disputa permanente\u201d.<\/p>\n<p>De todos modos, se\u00f1al\u00f3 que existieron algunas conversaciones con el arquero Luis Bonacci, que recientemente arregl\u00f3 en San Mart\u00edn de Mendoza: \u201cHab\u00edamos hablado con Bonacci pero arregl\u00f3 San Mart\u00edn. El nos hab\u00eda avisado que ten\u00eda ofrecimientos de Hurac\u00e1n Las Heras, Pac\u00edfico y San Mart\u00edn\u201d, y adem\u00e1s opin\u00f3 que ser\u00e1 dif\u00edcil volver a traer a Hern\u00e1n Marc\u00f3, otro guardavalla que dej\u00f3 gratos recuerdos: \u201cHoy lo veo muy dif\u00edcil porque Marc\u00f3 est\u00e1 en un club \u00a0de Federal A y si bien hoy no le toca ser titular est\u00e1 en una categor\u00eda superior. Los dirigentes tienen algunos nombres y lo est\u00e1n trabajando\u201d.<\/p>\n<p>Otros viejos conocidos que seg\u00fan Buxo ser\u00e1n dif\u00edcil de repatriar son Miguel Ros\u00f3n y Rub\u00e9n \u201cEl Pampa\u201d P\u00e9rez. Por este motivo, manifest\u00f3 sus intenciones de contar con Daniel Pinea, hoy en Argentino de nuestra ciudad:\u201d Me gustar\u00eda tener la posibilidad de contar con \u00e9l\u201d.<\/p>\n<p>El Albinegro comenzar\u00e1 con sus trabajos de pretemporada el pr\u00f3ximo lunes y a Buxo lo estar\u00e1 acompa\u00f1ando Fernando Velazco, quien se har\u00e1 cargo de la preparaci\u00f3n f\u00edsica del plantel.<\/p>\n<p>Para finalizar, y a modo de mensaje, culmin\u00f3:\u201d Hay que representar de la mejor manera a una instituci\u00f3n que viene creciendo y que en este Federal B ya tiene un sello ganado y que trataremos de mantenerlo\u201d.<\/p>\n<p style=\"text-align: right\"><strong>Juan Pablo Nav\u00edo <\/strong><\/p>\n","protected":false},"excerpt":{"rendered":"<p>Miguel Buxo volvi\u00f3 a Pac\u00edfico para hacerse cargo del equipo que afrontar\u00e1 la pr\u00f3xima edici\u00f3n del torneo Federal B. Durante las &#8230;<\/p>\n","protected":false},"author":5,"featured_media":270,"comment_status":"open","ping_status":"open","sticky":false,"template":"","format":"standard","meta":{"footnotes":""},"categories":[5,3],"tags":[],"class_list":["post-269","post","type-post","status-publish","format-standard","has-post-thumbnail","hentry","category-actualidad","category-deportes"],"_links":{"self":[{"href":"https:\/\/vinasfm.com\/noticias\/wp-json\/wp\/v2\/posts\/269","targetHints":{"allow":["GET"]}}],"collection":[{"href":"https:\/\/vinasfm.com\/noticias\/wp-json\/wp\/v2\/posts"}],"about":[{"href":"https:\/\/vinasfm.com\/noticias\/wp-json\/wp\/v2\/types\/post"}],"author":[{"embeddable":true,"href":"https:\/\/vinasfm.com\/noticias\/wp-json\/wp\/v2\/users\/5"}],"replies":[{"embeddable":true,"href":"https:\/\/vinasfm.com\/noticias\/wp-json\/wp\/v2\/comments?post=269"}],"version-history":[{"count":1,"href":"https:\/\/vinasfm.com\/noticias\/wp-json\/wp\/v2\/posts\/269\/revisions"}],"predecessor-version":[{"id":271,"href":"https:\/\/vinasfm.com\/noticias\/wp-json\/wp\/v2\/posts\/269\/revisions\/271"}],"wp:featuredmedia":[{"embeddable":true,"href":"https:\/\/vinasfm.com\/noticias\/wp-json\/wp\/v2\/media\/270"}],"wp:attachment":[{"href":"https:\/\/vinasfm.com\/noticias\/wp-json\/wp\/v2\/media?parent=269"}],"wp:term":[{"taxonomy":"category","embeddable":true,"href":"https:\/\/vinasfm.com\/noticias\/wp-json\/wp\/v2\/categories?post=269"},{"taxonomy":"post_tag","embeddable":true,"href":"https:\/\/vinasfm.com\/noticias\/wp-json\/wp\/v2\/tags?post=269"}],"curies":[{"name":"wp","href":"https:\/\/api.w.org\/{rel}","templated":true}]}}