{"id":263,"date":"2015-05-05T21:01:07","date_gmt":"2015-05-06T00:01:07","guid":{"rendered":"http:\/\/vinasfm.com\/noticias\/?p=263"},"modified":"2015-05-12T06:46:32","modified_gmt":"2015-05-12T09:46:32","slug":"todos-a-la-pista","status":"publish","type":"post","link":"https:\/\/vinasfm.com\/noticias\/todos-a-la-pista\/","title":{"rendered":"TODOS A LA PISTA"},"content":{"rendered":"<p><strong>El pr\u00f3ximo 31 de mayo se unir\u00e1 el Karting Tierrero y las Categor\u00edas Tradicionales en el Aut\u00f3dromo V\u00edctor Garc\u00eda.<\/strong><br \/>\nEn \u00e9pocas donde el dinero no alcanza, donde los tiempos son acotados, que mejor que trabajar en conjunto para realizar diversas actividades. En este caso, los fierreros de General Alvear optaron por el trabajo mancomunado y as\u00ed se logr\u00f3 programar este gran festival que seguramente quedar\u00e1 en la memoria de varios.<br \/>\nSebasti\u00e1n Rosso, presidente de la Asociaci\u00f3n de Amigos del Karting Alvearense, dialog\u00f3 con este portal y dio algunos detalles de lo que se viene: \u201cLa familia de Ariel Gil junto a Pablo \u201cChocolate\u201d \u00c1lvarez y la federaci\u00f3n han hecho un esfuerzo bastante grande y de la mano de ellos vamos a poder hacer la primera fecha\u201d.<br \/>\nLa Federaci\u00f3n Mendocina de Automovilismo Deportivo (F.E.M.A.D), en esta oportunidad les trajo buena nuevas a los alvearenses y seg\u00fan Rosso se han comprometido a colaborar para que esta gran prueba vea la luz verde a fines de mes: \u201cEllos lo tomaron de muy buena manera. Yo estuve con el secretario de FEMAD y la verdad que est\u00e1n muy predispuestos en darnos una mano junto a los muchachos del Sport 4, de las dos partes nos dijeron que le demos para m\u00e1s adelante\u201d.<br \/>\nLos primeros en saltar a la pista ser\u00e1n los muchachos del karting:\u201d Las actividades van a arrancar aproximadamente 9:30 de la ma\u00f1ana con el karting y una vez que terminemos al mediod\u00eda habr\u00e1 una pausa de una hora y luego arrancar\u00edan las tradicionales hasta las 18:00\u201d, se\u00f1al\u00f3 el dirigente.<br \/>\nLas entradas tendr\u00e1n un valor de 40 pesos. Cabe destacar que ser\u00e1 una \u00fanica entrada para poder presenciar las dos disciplinas.<\/p>\n<p style=\"text-align: right\"><strong>Juan Pablo Nav\u00edo<\/strong><\/p>\n","protected":false},"excerpt":{"rendered":"<p>El pr\u00f3ximo 31 de mayo se unir\u00e1 el Karting Tierrero y las Categor\u00edas Tradicionales en el Aut\u00f3dromo V\u00edctor Garc\u00eda. En \u00e9pocas &#8230;<\/p>\n","protected":false},"author":5,"featured_media":264,"comment_status":"open","ping_status":"open","sticky":false,"template":"","format":"standard","meta":{"footnotes":""},"categories":[5,3],"tags":[],"class_list":["post-263","post","type-post","status-publish","format-standard","has-post-thumbnail","hentry","category-actualidad","category-deportes"],"_links":{"self":[{"href":"https:\/\/vinasfm.com\/noticias\/wp-json\/wp\/v2\/posts\/263","targetHints":{"allow":["GET"]}}],"collection":[{"href":"https:\/\/vinasfm.com\/noticias\/wp-json\/wp\/v2\/posts"}],"about":[{"href":"https:\/\/vinasfm.com\/noticias\/wp-json\/wp\/v2\/types\/post"}],"author":[{"embeddable":true,"href":"https:\/\/vinasfm.com\/noticias\/wp-json\/wp\/v2\/users\/5"}],"replies":[{"embeddable":true,"href":"https:\/\/vinasfm.com\/noticias\/wp-json\/wp\/v2\/comments?post=263"}],"version-history":[{"count":2,"href":"https:\/\/vinasfm.com\/noticias\/wp-json\/wp\/v2\/posts\/263\/revisions"}],"predecessor-version":[{"id":268,"href":"https:\/\/vinasfm.com\/noticias\/wp-json\/wp\/v2\/posts\/263\/revisions\/268"}],"wp:featuredmedia":[{"embeddable":true,"href":"https:\/\/vinasfm.com\/noticias\/wp-json\/wp\/v2\/media\/264"}],"wp:attachment":[{"href":"https:\/\/vinasfm.com\/noticias\/wp-json\/wp\/v2\/media?parent=263"}],"wp:term":[{"taxonomy":"category","embeddable":true,"href":"https:\/\/vinasfm.com\/noticias\/wp-json\/wp\/v2\/categories?post=263"},{"taxonomy":"post_tag","embeddable":true,"href":"https:\/\/vinasfm.com\/noticias\/wp-json\/wp\/v2\/tags?post=263"}],"curies":[{"name":"wp","href":"https:\/\/api.w.org\/{rel}","templated":true}]}}