{"id":247,"date":"2015-05-05T12:36:06","date_gmt":"2015-05-05T15:36:06","guid":{"rendered":"http:\/\/vinasfm.com\/noticias\/?p=247"},"modified":"2015-05-12T06:47:23","modified_gmt":"2015-05-12T09:47:23","slug":"van-por-buen-camino","status":"publish","type":"post","link":"https:\/\/vinasfm.com\/noticias\/van-por-buen-camino\/","title":{"rendered":"VAN POR BUEN CAMINO"},"content":{"rendered":"<p>El equipo atl\u00e9tico Tranco Largo particip\u00f3 en San Rafael del Marat\u00f3n por el D\u00eda del Trabajador.<\/p>\n<p>Con interesant\u00edsimos resultados, el conjunto departamental fue hasta el vecino departamento donde consigui\u00f3 importantes resultados. La prueba tuvo dos circuitos, uno de cinco y otro de diez kil\u00f3metros.<br \/>\nMagal\u00ed Cabituna, Walter \u00c1lvarez, Dar\u00edo Olgu\u00edn, H\u00e9ctor Varas, Miguel Rodr\u00edguez, Silvina Castro y Natal\u00ed Vallejos fueron algunos de los exponentes que tuvo Tranco Largo.<\/p>\n<p>En infantiles se destacaron Lihu\u00e9n y Nehuen Olgu\u00edn, y Francesca \u00c1vila. Adem\u00e1s, Alejandro M\u00e9ndez y Germ\u00e1n Yllanes tambi\u00e9n respondieron con creces.<br \/>\nJuan Pablo Nav\u00edo<\/p>\n","protected":false},"excerpt":{"rendered":"<p>El equipo atl\u00e9tico Tranco Largo particip\u00f3 en San Rafael del Marat\u00f3n por el D\u00eda del Trabajador. Con interesant\u00edsimos resultados, el conjunto &#8230;<\/p>\n","protected":false},"author":5,"featured_media":248,"comment_status":"open","ping_status":"open","sticky":false,"template":"","format":"standard","meta":{"footnotes":""},"categories":[5,3],"tags":[],"class_list":["post-247","post","type-post","status-publish","format-standard","has-post-thumbnail","hentry","category-actualidad","category-deportes"],"_links":{"self":[{"href":"https:\/\/vinasfm.com\/noticias\/wp-json\/wp\/v2\/posts\/247","targetHints":{"allow":["GET"]}}],"collection":[{"href":"https:\/\/vinasfm.com\/noticias\/wp-json\/wp\/v2\/posts"}],"about":[{"href":"https:\/\/vinasfm.com\/noticias\/wp-json\/wp\/v2\/types\/post"}],"author":[{"embeddable":true,"href":"https:\/\/vinasfm.com\/noticias\/wp-json\/wp\/v2\/users\/5"}],"replies":[{"embeddable":true,"href":"https:\/\/vinasfm.com\/noticias\/wp-json\/wp\/v2\/comments?post=247"}],"version-history":[{"count":1,"href":"https:\/\/vinasfm.com\/noticias\/wp-json\/wp\/v2\/posts\/247\/revisions"}],"predecessor-version":[{"id":278,"href":"https:\/\/vinasfm.com\/noticias\/wp-json\/wp\/v2\/posts\/247\/revisions\/278"}],"wp:featuredmedia":[{"embeddable":true,"href":"https:\/\/vinasfm.com\/noticias\/wp-json\/wp\/v2\/media\/248"}],"wp:attachment":[{"href":"https:\/\/vinasfm.com\/noticias\/wp-json\/wp\/v2\/media?parent=247"}],"wp:term":[{"taxonomy":"category","embeddable":true,"href":"https:\/\/vinasfm.com\/noticias\/wp-json\/wp\/v2\/categories?post=247"},{"taxonomy":"post_tag","embeddable":true,"href":"https:\/\/vinasfm.com\/noticias\/wp-json\/wp\/v2\/tags?post=247"}],"curies":[{"name":"wp","href":"https:\/\/api.w.org\/{rel}","templated":true}]}}