{"id":240,"date":"2015-05-05T11:03:08","date_gmt":"2015-05-05T14:03:08","guid":{"rendered":"http:\/\/vinasfm.com\/noticias\/?p=240"},"modified":"2015-12-30T10:50:10","modified_gmt":"2015-12-30T13:50:10","slug":"el-renatea-esta-organizando-el-1-concurso-fotografico","status":"publish","type":"post","link":"https:\/\/vinasfm.com\/noticias\/el-renatea-esta-organizando-el-1-concurso-fotografico\/","title":{"rendered":"El RENATEA est\u00e1 organizando el 1\u00b0 Concurso Fotogr\u00e1fico"},"content":{"rendered":"<p><strong>La propuesta es reflejar la nueva realidad del trabajo en el campo a partir de la sanci\u00f3n del Estatuto del Pe\u00f3n Rural, que garantiza condiciones apropiadas en materia de registraci\u00f3n, seguridad social y condiciones laborales.<br \/>\n<\/strong><\/p>\n<p>El Registro Nacional de Trabajadores y Empleadores Agrarios est\u00e1 organizando el primer Concurso Nacional de Fotograf\u00eda del RENATEA, que ofrece $10.000 de premio para cada foto ganadora en cada una de las 5 regiones del pa\u00eds: NOA, NEA, Centro, Cuyo y Patagonia.<\/p>\n<p>La propuesta es reflejar la nueva realidad del trabajo en el campo a partir de la sanci\u00f3n del Estatuto del Pe\u00f3n Rural, que garantiza condiciones apropiadas en materia de registraci\u00f3n, seguridad social y condiciones laborales.<\/p>\n<p>El Jurado del concurso est\u00e1 compuesto por el jefe de Fotograf\u00eda de Presidencia de la Naci\u00f3n, V\u00edctor Bugge, la responsable de producci\u00f3n del Canal Encuentro, Guillermina De Rosa y el Director General del Registro, Ing. Guillermo Martini.<\/p>\n<p>El l\u00edmite de tiempo para enviar la fotograf\u00eda es hasta el 15 de mayo al siguiente correo electr\u00f3nico concursodefotografia@renatea.gob.ar o mendoza@renatea.gob.ar<\/p>\n<p>Para consultar las bases del concurso, deben ingresar al siguiente link: http:\/\/www.renatea.gob.ar\/comunicadodetalle.php?id=292<\/p>\n","protected":false},"excerpt":{"rendered":"<p>La propuesta es reflejar la nueva realidad del trabajo en el campo a partir de la sanci\u00f3n del Estatuto del Pe\u00f3n &#8230;<\/p>\n","protected":false},"author":5,"featured_media":241,"comment_status":"open","ping_status":"open","sticky":false,"template":"","format":"standard","meta":{"footnotes":""},"categories":[5],"tags":[],"class_list":["post-240","post","type-post","status-publish","format-standard","has-post-thumbnail","hentry","category-actualidad"],"_links":{"self":[{"href":"https:\/\/vinasfm.com\/noticias\/wp-json\/wp\/v2\/posts\/240","targetHints":{"allow":["GET"]}}],"collection":[{"href":"https:\/\/vinasfm.com\/noticias\/wp-json\/wp\/v2\/posts"}],"about":[{"href":"https:\/\/vinasfm.com\/noticias\/wp-json\/wp\/v2\/types\/post"}],"author":[{"embeddable":true,"href":"https:\/\/vinasfm.com\/noticias\/wp-json\/wp\/v2\/users\/5"}],"replies":[{"embeddable":true,"href":"https:\/\/vinasfm.com\/noticias\/wp-json\/wp\/v2\/comments?post=240"}],"version-history":[{"count":1,"href":"https:\/\/vinasfm.com\/noticias\/wp-json\/wp\/v2\/posts\/240\/revisions"}],"predecessor-version":[{"id":242,"href":"https:\/\/vinasfm.com\/noticias\/wp-json\/wp\/v2\/posts\/240\/revisions\/242"}],"wp:featuredmedia":[{"embeddable":true,"href":"https:\/\/vinasfm.com\/noticias\/wp-json\/wp\/v2\/media\/241"}],"wp:attachment":[{"href":"https:\/\/vinasfm.com\/noticias\/wp-json\/wp\/v2\/media?parent=240"}],"wp:term":[{"taxonomy":"category","embeddable":true,"href":"https:\/\/vinasfm.com\/noticias\/wp-json\/wp\/v2\/categories?post=240"},{"taxonomy":"post_tag","embeddable":true,"href":"https:\/\/vinasfm.com\/noticias\/wp-json\/wp\/v2\/tags?post=240"}],"curies":[{"name":"wp","href":"https:\/\/api.w.org\/{rel}","templated":true}]}}