{"id":237,"date":"2015-05-05T10:33:42","date_gmt":"2015-05-05T13:33:42","guid":{"rendered":"http:\/\/vinasfm.com\/noticias\/?p=237"},"modified":"2015-12-30T10:50:14","modified_gmt":"2015-12-30T13:50:14","slug":"se-nos-vienen-en-masa","status":"publish","type":"post","link":"https:\/\/vinasfm.com\/noticias\/se-nos-vienen-en-masa\/","title":{"rendered":"Se nos vienen en masa"},"content":{"rendered":"<p><strong>Macri, Scioli, Massa y Sanz estar\u00e1n en la Fiesta de la Ganader\u00eda.<\/strong><\/p>\n<p>La XXXIV Edici\u00f3n de la Fiesta Nacional de la Ganader\u00eda de Zonas \u00c1ridas no pasar\u00e1 desapercibida como a\u00f1os anteriores, y mucho menos los tradicionales costillares al ensartador del Almuerzo Oficial de las Fuerzas Vivas, ya que este a\u00f1o contar\u00e1 con la presencia de cuatro candidatos a Presidente de la Naci\u00f3n Argentina.<\/p>\n<p>Ellos son:<\/p>\n<p>Sergio Massa, ex Intendente de Tigre.<\/p>\n<p>Daniel Scioli, actual Gobernador de Buenos Aires.<\/p>\n<p>Mauricio Macri, actual Jefe de Gobierno Porte\u00f1o.<\/p>\n<p>Ernesto Sanz, actual Presidente de la Uni\u00f3n C\u00edvica Radical.<\/p>\n","protected":false},"excerpt":{"rendered":"<p>Macri, Scioli, Massa y Sanz estar\u00e1n en la Fiesta de la Ganader\u00eda. La XXXIV Edici\u00f3n de la Fiesta Nacional de la &#8230;<\/p>\n","protected":false},"author":5,"featured_media":238,"comment_status":"open","ping_status":"open","sticky":false,"template":"","format":"standard","meta":{"footnotes":""},"categories":[5],"tags":[],"class_list":["post-237","post","type-post","status-publish","format-standard","has-post-thumbnail","hentry","category-actualidad"],"_links":{"self":[{"href":"https:\/\/vinasfm.com\/noticias\/wp-json\/wp\/v2\/posts\/237","targetHints":{"allow":["GET"]}}],"collection":[{"href":"https:\/\/vinasfm.com\/noticias\/wp-json\/wp\/v2\/posts"}],"about":[{"href":"https:\/\/vinasfm.com\/noticias\/wp-json\/wp\/v2\/types\/post"}],"author":[{"embeddable":true,"href":"https:\/\/vinasfm.com\/noticias\/wp-json\/wp\/v2\/users\/5"}],"replies":[{"embeddable":true,"href":"https:\/\/vinasfm.com\/noticias\/wp-json\/wp\/v2\/comments?post=237"}],"version-history":[{"count":1,"href":"https:\/\/vinasfm.com\/noticias\/wp-json\/wp\/v2\/posts\/237\/revisions"}],"predecessor-version":[{"id":250,"href":"https:\/\/vinasfm.com\/noticias\/wp-json\/wp\/v2\/posts\/237\/revisions\/250"}],"wp:featuredmedia":[{"embeddable":true,"href":"https:\/\/vinasfm.com\/noticias\/wp-json\/wp\/v2\/media\/238"}],"wp:attachment":[{"href":"https:\/\/vinasfm.com\/noticias\/wp-json\/wp\/v2\/media?parent=237"}],"wp:term":[{"taxonomy":"category","embeddable":true,"href":"https:\/\/vinasfm.com\/noticias\/wp-json\/wp\/v2\/categories?post=237"},{"taxonomy":"post_tag","embeddable":true,"href":"https:\/\/vinasfm.com\/noticias\/wp-json\/wp\/v2\/tags?post=237"}],"curies":[{"name":"wp","href":"https:\/\/api.w.org\/{rel}","templated":true}]}}