{"id":232,"date":"2015-05-05T10:03:57","date_gmt":"2015-05-05T13:03:57","guid":{"rendered":"http:\/\/vinasfm.com\/noticias\/?p=232"},"modified":"2019-08-15T15:17:48","modified_gmt":"2019-08-15T18:17:48","slug":"destino-alvear","status":"publish","type":"post","link":"https:\/\/vinasfm.com\/noticias\/destino-alvear\/","title":{"rendered":"Destino Alvear"},"content":{"rendered":"<p><strong>Un Mundo por descubrir, conoce la l\u00ednea imaginaria de Goico.<br \/>\n<\/strong><\/p>\n<p>El mundo de estas primeras d\u00e9cadas del siglo XXI globaliz\u00f3 las comunicaciones y las finanzas. Los procesos econ\u00f3micos mantuvieron la din\u00e1mica de cada regi\u00f3n o pa\u00eds central con ciertos cambios de adaptaci\u00f3n, necesarios a los mercados de consumo. La creciente poblaci\u00f3n que se incorpora a la demanda global de bienes y servicios de calidad y la avidez de los oferentes por llenar esa brecha de cualquier manera, gener\u00f3 poluci\u00f3n ambiental, p\u00e9rdida de recursos naturales no renovables, utilizaci\u00f3n de energ\u00edas sucias y un aumento exponencial del fen\u00f3meno de organizaci\u00f3n. Ante esa realidad que da\u00f1a la calidad de vida en general, se gesta una tendencia creciente en crear focos de econom\u00edas sustentables, amables con el ambiente y que respondan a los c\u00e1nones de salud social, producci\u00f3n que respeta a la naturaleza y cuida a los recursos. Es posible una agricultura org\u00e1nica y un sistema productivo que no da\u00f1e el ambiente.<\/p>\n<p>En el departamento de General Alvear, ubicado al sur-este de Mendoza, las pol\u00edticas p\u00fablicas apuntan a esa finalidad para asegurar una vida plena y un ambiente saludable para sus habitantes y para todas las personas de bien que quieran venir a compartir esta idea en marcha.<\/p>\n<p>Los recursos naturales b\u00e1sicos a proteger de toda intervenci\u00f3n negativa son el agua, el aire y la tierra. En General Alvear, gozamos de agua pura proveniente de la Cordillera de Los Andes que no recibe aportes contaminantes biol\u00f3gicos o qu\u00edmicos en su recorrido por nuestra tierra. El aire t\u00edpico de zonas \u00e1ridas, y la escasa poluci\u00f3n gracias a los vientos dominantes del norte y del sur. Nuestro suelo, libre de agroqu\u00edmicos es apto para todo tipo de producciones, ganaderas, agr\u00edcolas y la tradicional frutihort\u00edcola.<\/p>\n<p>Estas ventajas comparativas hacen de General Alvear un pueblo atractivo para invertir en emprendimientos agr\u00edcolas, ganaderos y <a href=\"https:\/\/camaraturismoalvear.com\/\" target=\"_blank\" rel=\"noopener noreferrer\">tur\u00edsticos<\/a>. La condici\u00f3n b\u00e1sica para presentar un proyecto productivo es que el mismo contemple, con extremo cuidado, medidas ambientales seguras. Los ruidos excesivos, y la emisi\u00f3n de gases invernaderos, el derrame de fluidos que no sean biodegradables o cualquier factor que signifique un peligro para el ambiente, ser\u00e1 una traba en todo proyecto de inversi\u00f3n.<\/p>\n<p>Dado que los productos org\u00e1nicos y los bienes certificados amables con el ambiente conquistan mercados en los pa\u00edses centrales, sostener una econom\u00eda sustentable no solamente es \u00e9ticamente aceptable, sino socialmente justificada. Queremos que el conjunto social de General Alvear crezca en todo sentido y que ese desarrollo leg\u00edtimo se verifique en un marco de gran responsabilidad social con un ambiente cuidado y sano para legar un mundo mejor a nuestra posteridad.<\/p>\n<p>Este gobierno municipal de General Alvear se ha propuesto como meta fundante en su proyecto mantener al departamento libre de poluci\u00f3n ambiental, atraer inversores y ciudadanos que quieran vivir aqu\u00ed con la firme promesa de que van a crecer en un lugar donde podr\u00e1n respirar aire puro, beber agua cristalina y consumir vegetales y carnes producidos en una tierra libre de contaminantes. Esta propuesta, de m\u00ednima es ambiciosa. Porque creemos con firmeza que hay que fijarse metas altas para superar la mediocridad cotidiana, VEN\u00cd A GENERAL ALVEAR A COMPARTIR CON NOSOTROS TUS SUE\u00d1OS. ESTE DEPARTAMENTO SURE\u00d1O ES UN MUNDO POR DESCUBRIR. SEGU\u00cd EL CAMINO IMAGINARIO DE GOICO.<\/p>\n","protected":false},"excerpt":{"rendered":"<p>Un Mundo por descubrir, conoce la l\u00ednea imaginaria de Goico. El mundo de estas primeras d\u00e9cadas del siglo XXI globaliz\u00f3 las &#8230;<\/p>\n","protected":false},"author":5,"featured_media":233,"comment_status":"open","ping_status":"open","sticky":false,"template":"","format":"standard","meta":{"footnotes":""},"categories":[5],"tags":[],"class_list":["post-232","post","type-post","status-publish","format-standard","has-post-thumbnail","hentry","category-actualidad"],"_links":{"self":[{"href":"https:\/\/vinasfm.com\/noticias\/wp-json\/wp\/v2\/posts\/232","targetHints":{"allow":["GET"]}}],"collection":[{"href":"https:\/\/vinasfm.com\/noticias\/wp-json\/wp\/v2\/posts"}],"about":[{"href":"https:\/\/vinasfm.com\/noticias\/wp-json\/wp\/v2\/types\/post"}],"author":[{"embeddable":true,"href":"https:\/\/vinasfm.com\/noticias\/wp-json\/wp\/v2\/users\/5"}],"replies":[{"embeddable":true,"href":"https:\/\/vinasfm.com\/noticias\/wp-json\/wp\/v2\/comments?post=232"}],"version-history":[{"count":1,"href":"https:\/\/vinasfm.com\/noticias\/wp-json\/wp\/v2\/posts\/232\/revisions"}],"predecessor-version":[{"id":56919,"href":"https:\/\/vinasfm.com\/noticias\/wp-json\/wp\/v2\/posts\/232\/revisions\/56919"}],"wp:featuredmedia":[{"embeddable":true,"href":"https:\/\/vinasfm.com\/noticias\/wp-json\/wp\/v2\/media\/233"}],"wp:attachment":[{"href":"https:\/\/vinasfm.com\/noticias\/wp-json\/wp\/v2\/media?parent=232"}],"wp:term":[{"taxonomy":"category","embeddable":true,"href":"https:\/\/vinasfm.com\/noticias\/wp-json\/wp\/v2\/categories?post=232"},{"taxonomy":"post_tag","embeddable":true,"href":"https:\/\/vinasfm.com\/noticias\/wp-json\/wp\/v2\/tags?post=232"}],"curies":[{"name":"wp","href":"https:\/\/api.w.org\/{rel}","templated":true}]}}